{"id":96534,"date":"2025-06-16T19:23:17","date_gmt":"2025-06-16T19:23:17","guid":{"rendered":"https:\/\/estado29.mx\/?p=96534"},"modified":"2025-06-16T19:23:17","modified_gmt":"2025-06-16T19:23:17","slug":"tres-muertos-y-un-lesionado-en-choque-de-tractocamion-vs-camioneta-en-atltzayanca","status":"publish","type":"post","link":"https:\/\/estado29.mx\/?p=96534","title":{"rendered":"Tres muertos y un lesionado en choque de tractocami\u00f3n vs camioneta en Atltzayanca."},"content":{"rendered":"\n<p>La autopista Amozoc-Perote fue escenario de un choque dejando un saldo de tres personas fallecidas y una m\u00e1s lesionada.<\/p>\n\n\n\n<p>Por la ma\u00f1ana el kil\u00f3metro 54 de la autopista Amozoc-Perote, a la altura del municipio de Altzayanca, se registr\u00f3 un accidente que cobr\u00f3 la vida de tres personas. Un veh\u00edculo compacto y un cami\u00f3n colisionaron con direcci\u00f3n a Puebla. La violencia del impacto fue tal que dos hombres y una mujer quedaron atrapados entre los fierros retorcidos del autom\u00f3vil.<\/p>\n\n\n\n<p>Equipos de Rescate Urbano de la Cruz Roja Mexicana intervinieron de manera crucial, utilizando herramientas hidr\u00e1ulicas para liberar los cuerpos sin vida. Su labor fue fundamental para facilitar las diligencias forenses.<\/p>\n\n\n\n<p>Elementos de la Guardia Nacional Divisi\u00f3n Caminos confirmaron afectaciones parciales en la vialidad y exhortaron a los automovilistas a extremar precauciones.<\/p>\n\n\n\n<p>Aunque la mec\u00e1nica precisa del percance a\u00fan se desconoce, se presume que el veh\u00edculo compacto pudo haber invadido el carril contrario o perdido el control antes de ser impactado por el cami\u00f3n.<\/p>\n\n\n\n<p>Personal del Instituto de Ciencias Forenses(INCIFO) de la Fiscal\u00eda General de Justicia del Estado realiz\u00f3 el levantamiento de los cuerpos, mientras peritos y agentes de la Polic\u00eda de Investigaci\u00f3n llevan a cabo las indagatorias para determinar las causas exactas del fatal accidente.<\/p>\n","protected":false},"excerpt":{"rendered":"<p>La autopista Amozoc-Perote fue escenario de un choque dejando un saldo de tres personas fallecidas y una m\u00e1s lesionada. Por la ma\u00f1ana el kil\u00f3metro 54 de la autopista Amozoc-Perote, a la altura del municipio de Altzayanca, se registr\u00f3 un accidente que cobr\u00f3 la vida de tres personas. Un veh\u00edculo compacto y un cami\u00f3n colisionaron con [&hellip;]<\/p>\n","protected":false},"author":5,"featured_media":96535,"comment_status":"open","ping_status":"open","sticky":false,"template":"","format":"standard","meta":{"om_disable_all_campaigns":false,"_monsterinsights_skip_tracking":false,"_monsterinsights_sitenote_active":false,"_monsterinsights_sitenote_note":"","_monsterinsights_sitenote_category":0,"jnews-multi-image_gallery":[],"jnews_single_post":{"format":"standard"},"jnews_primary_category":[],"footnotes":""},"categories":[1],"tags":[],"class_list":["post-96534","post","type-post","status-publish","format-standard","has-post-thumbnail","hentry","category-uncategorized"],"aioseo_notices":[],"_links":{"self":[{"href":"https:\/\/estado29.mx\/index.php?rest_route=\/wp\/v2\/posts\/96534","targetHints":{"allow":["GET"]}}],"collection":[{"href":"https:\/\/estado29.mx\/index.php?rest_route=\/wp\/v2\/posts"}],"about":[{"href":"https:\/\/estado29.mx\/index.php?rest_route=\/wp\/v2\/types\/post"}],"author":[{"embeddable":true,"href":"https:\/\/estado29.mx\/index.php?rest_route=\/wp\/v2\/users\/5"}],"replies":[{"embeddable":true,"href":"https:\/\/estado29.mx\/index.php?rest_route=%2Fwp%2Fv2%2Fcomments&post=96534"}],"version-history":[{"count":1,"href":"https:\/\/estado29.mx\/index.php?rest_route=\/wp\/v2\/posts\/96534\/revisions"}],"predecessor-version":[{"id":96536,"href":"https:\/\/estado29.mx\/index.php?rest_route=\/wp\/v2\/posts\/96534\/revisions\/96536"}],"wp:featuredmedia":[{"embeddable":true,"href":"https:\/\/estado29.mx\/index.php?rest_route=\/wp\/v2\/media\/96535"}],"wp:attachment":[{"href":"https:\/\/estado29.mx\/index.php?rest_route=%2Fwp%2Fv2%2Fmedia&parent=96534"}],"wp:term":[{"taxonomy":"category","embeddable":true,"href":"https:\/\/estado29.mx\/index.php?rest_route=%2Fwp%2Fv2%2Fcategories&post=96534"},{"taxonomy":"post_tag","embeddable":true,"href":"https:\/\/estado29.mx\/index.php?rest_route=%2Fwp%2Fv2%2Ftags&post=96534"}],"curies":[{"name":"wp","href":"https:\/\/api.w.org\/{rel}","templated":true}]}}