{"id":96550,"date":"2025-06-16T22:40:25","date_gmt":"2025-06-16T22:40:25","guid":{"rendered":"https:\/\/estado29.mx\/?p=96550"},"modified":"2025-06-16T22:40:26","modified_gmt":"2025-06-16T22:40:26","slug":"concluyen-su-estancia-en-la-uatx-estudiantes-de-argentina-colombia-y-guerrero","status":"publish","type":"post","link":"https:\/\/estado29.mx\/?p=96550","title":{"rendered":"Concluyen su estancia en la UATx estudiantes de Argentina, Colombia y Guerrero"},"content":{"rendered":"<figure class=\"wp-block-post-featured-image\"><img loading=\"lazy\" decoding=\"async\" width=\"600\" height=\"375\" src=\"https:\/\/estado29.mx\/wp-content\/uploads\/2025\/06\/Untitled-design-2-2.png\" class=\"attachment-post-thumbnail size-post-thumbnail wp-post-image\" alt=\"\" style=\"object-fit:cover;\" srcset=\"https:\/\/estado29.mx\/wp-content\/uploads\/2025\/06\/Untitled-design-2-2.png 600w, https:\/\/estado29.mx\/wp-content\/uploads\/2025\/06\/Untitled-design-2-2-300x188.png 300w\" sizes=\"auto, (max-width: 600px) 100vw, 600px\" \/><\/figure>\n\n\n<p>Participaron en programa de movilidad internacional<\/p>\n\n\n\n<p>La Universidad Aut\u00f3noma de Tlaxcala asume con alta responsabilidad, una formaci\u00f3n humanista que promueva los procesos de autorrealizaci\u00f3n personal y profesional, por ello, estudiantes provenientes de Argentina, Colombia y del estado mexicano de Guerrero compartieron sus vivencias como parte del programa de Movilidad Acad\u00e9mica Primavera 2025, en un espacio que celebr\u00f3 el valor de la interculturalidad y la internacionalizaci\u00f3n del conocimiento.<\/p>\n\n\n\n<p>El Maestro Antonio Durante Murillo, Coordinador de Enlace Internacional, Vinculaci\u00f3n e Intercambio Acad\u00e9mico, agradeci\u00f3 al Rector de la UATx Doctor Serafin Ortiz Ortiz por su respaldo constante para estas iniciativas que consolidan el compromiso institucional con una educaci\u00f3n de vanguardia y con visi\u00f3n global.<\/p>\n\n\n\n<p>Insert To\u00f1o Durante<\/p>\n\n\n\n<p>Las voces de los estudiantes coincidieron en resaltar que esta experiencia les permiti\u00f3 ampliar sus horizontes, construir lazos duraderos y fortalecer su desarrollo profesional desde una perspectiva intercultural.<\/p>\n\n\n\n<p>Insert Estudiantes<\/p>\n\n\n\n<p>De esta forma la UATx impulsa el di\u00e1logo permanente entre culturas y saberes, fortaleciendo as\u00ed el intercambio de ideas y experiencias que enriquecen la formaci\u00f3n humanista, cient\u00edfica y tecnol\u00f3gica de la comunidad universitaria.<\/p>\n","protected":false},"excerpt":{"rendered":"<p>Participaron en programa de movilidad internacional La Universidad Aut\u00f3noma de Tlaxcala asume con alta responsabilidad, una formaci\u00f3n humanista que promueva los procesos de autorrealizaci\u00f3n personal y profesional, por ello, estudiantes provenientes de Argentina, Colombia y del estado mexicano de Guerrero compartieron sus vivencias como parte del programa de Movilidad Acad\u00e9mica Primavera 2025, en un espacio [&hellip;]<\/p>\n","protected":false},"author":9,"featured_media":96551,"comment_status":"open","ping_status":"open","sticky":false,"template":"","format":"standard","meta":{"om_disable_all_campaigns":false,"_monsterinsights_skip_tracking":false,"_monsterinsights_sitenote_active":false,"_monsterinsights_sitenote_note":"","_monsterinsights_sitenote_category":0,"jnews-multi-image_gallery":[],"jnews_single_post":{"format":"standard"},"jnews_primary_category":[],"footnotes":""},"categories":[1],"tags":[],"class_list":["post-96550","post","type-post","status-publish","format-standard","has-post-thumbnail","hentry","category-uncategorized"],"aioseo_notices":[],"_links":{"self":[{"href":"https:\/\/estado29.mx\/index.php?rest_route=\/wp\/v2\/posts\/96550","targetHints":{"allow":["GET"]}}],"collection":[{"href":"https:\/\/estado29.mx\/index.php?rest_route=\/wp\/v2\/posts"}],"about":[{"href":"https:\/\/estado29.mx\/index.php?rest_route=\/wp\/v2\/types\/post"}],"author":[{"embeddable":true,"href":"https:\/\/estado29.mx\/index.php?rest_route=\/wp\/v2\/users\/9"}],"replies":[{"embeddable":true,"href":"https:\/\/estado29.mx\/index.php?rest_route=%2Fwp%2Fv2%2Fcomments&post=96550"}],"version-history":[{"count":1,"href":"https:\/\/estado29.mx\/index.php?rest_route=\/wp\/v2\/posts\/96550\/revisions"}],"predecessor-version":[{"id":96552,"href":"https:\/\/estado29.mx\/index.php?rest_route=\/wp\/v2\/posts\/96550\/revisions\/96552"}],"wp:featuredmedia":[{"embeddable":true,"href":"https:\/\/estado29.mx\/index.php?rest_route=\/wp\/v2\/media\/96551"}],"wp:attachment":[{"href":"https:\/\/estado29.mx\/index.php?rest_route=%2Fwp%2Fv2%2Fmedia&parent=96550"}],"wp:term":[{"taxonomy":"category","embeddable":true,"href":"https:\/\/estado29.mx\/index.php?rest_route=%2Fwp%2Fv2%2Fcategories&post=96550"},{"taxonomy":"post_tag","embeddable":true,"href":"https:\/\/estado29.mx\/index.php?rest_route=%2Fwp%2Fv2%2Ftags&post=96550"}],"curies":[{"name":"wp","href":"https:\/\/api.w.org\/{rel}","templated":true}]}}