{"id":96553,"date":"2025-06-16T22:41:41","date_gmt":"2025-06-16T22:41:41","guid":{"rendered":"https:\/\/estado29.mx\/?p=96553"},"modified":"2025-06-16T22:41:42","modified_gmt":"2025-06-16T22:41:42","slug":"investigadores-del-cigya-y-ciisder-uatx-participaron-en-segunda-jornada-internacional-de-conferencias-por-el-ambiente","status":"publish","type":"post","link":"https:\/\/estado29.mx\/?p=96553","title":{"rendered":"Investigadores del CIGyA y CIISDER-UATx participaron en Segunda Jornada Internacional de Conferencias por el Ambiente"},"content":{"rendered":"<figure class=\"wp-block-post-featured-image\"><img loading=\"lazy\" decoding=\"async\" width=\"1915\" height=\"1010\" src=\"https:\/\/estado29.mx\/wp-content\/uploads\/2025\/06\/13-Investigadores-del-CIGyA-y-CIISDER-UATx-participaron-en-Segunda-Jornada-Internacional-de-Conferencias-por-el-Ambiente.png\" class=\"attachment-post-thumbnail size-post-thumbnail wp-post-image\" alt=\"\" style=\"object-fit:cover;\" srcset=\"https:\/\/estado29.mx\/wp-content\/uploads\/2025\/06\/13-Investigadores-del-CIGyA-y-CIISDER-UATx-participaron-en-Segunda-Jornada-Internacional-de-Conferencias-por-el-Ambiente.png 1915w, https:\/\/estado29.mx\/wp-content\/uploads\/2025\/06\/13-Investigadores-del-CIGyA-y-CIISDER-UATx-participaron-en-Segunda-Jornada-Internacional-de-Conferencias-por-el-Ambiente-300x158.png 300w, https:\/\/estado29.mx\/wp-content\/uploads\/2025\/06\/13-Investigadores-del-CIGyA-y-CIISDER-UATx-participaron-en-Segunda-Jornada-Internacional-de-Conferencias-por-el-Ambiente-1024x540.png 1024w, https:\/\/estado29.mx\/wp-content\/uploads\/2025\/06\/13-Investigadores-del-CIGyA-y-CIISDER-UATx-participaron-en-Segunda-Jornada-Internacional-de-Conferencias-por-el-Ambiente-768x405.png 768w, https:\/\/estado29.mx\/wp-content\/uploads\/2025\/06\/13-Investigadores-del-CIGyA-y-CIISDER-UATx-participaron-en-Segunda-Jornada-Internacional-de-Conferencias-por-el-Ambiente-1536x810.png 1536w, https:\/\/estado29.mx\/wp-content\/uploads\/2025\/06\/13-Investigadores-del-CIGyA-y-CIISDER-UATx-participaron-en-Segunda-Jornada-Internacional-de-Conferencias-por-el-Ambiente-750x396.png 750w, https:\/\/estado29.mx\/wp-content\/uploads\/2025\/06\/13-Investigadores-del-CIGyA-y-CIISDER-UATx-participaron-en-Segunda-Jornada-Internacional-de-Conferencias-por-el-Ambiente-1140x601.png 1140w\" sizes=\"auto, (max-width: 1915px) 100vw, 1915px\" \/><\/figure>\n\n\n<p>Como parte de un trabajo acad\u00e9mico colaborativo, investigadores de la Universidad Aut\u00f3noma de Tlaxcala (UATx) participaron con sus hom\u00f3logos de Espa\u00f1a, Colombia, Paraguay, Argentina, Chile, Pa\u00edses Bajos, Estados Unidos de Norteam\u00e9rica y M\u00e9xico, en la Segunda edici\u00f3n de la Jornada Internacional de Conferencias por el Ambiente (JICAM-2025), que reuni\u00f3 a m\u00e1s de 36 instituciones acad\u00e9micas, nacionales e internacionales, en modalidad virtual, para conmemorar el D\u00eda Mundial del Medio Ambiente, con un compromiso \u00e9tico, cient\u00edfico y profundamente humano.<\/p>\n\n\n\n<p>Este foro que tuvo como objetivo enriquecer el di\u00e1logo y el intercambio de conocimientos y saberes en dicha materia, fue organizado por el Instituto de Ecolog\u00eda, el Centro de Investigaci\u00f3n en Gen\u00e9tica y Ambiente (CIGyA-UATx), el Centro de Investigaciones Interdisciplinarias Sobre Desarrollo Regional (CIISDER-UATx), Facultad de Estudios Superiores Iztacala de la Universidad Nacional Aut\u00f3noma de M\u00e9xico, la Universidad Aut\u00f3noma Chapingo y la Universidad Aut\u00f3noma Popular del Estado de Puebla.<\/p>\n\n\n\n<p>Del 2 al 6 de junio se desarrollaron nueve mesas de trabajo y tres conferencias magistrales, que congregaron a cerca de cien personas por sesi\u00f3n, lo cual demuestra el inter\u00e9s creciente y la necesidad urgente de seguir dialogando y actuando en torno a los desaf\u00edos ambientales de nuestro planeta, Adem\u00e1s de concientizar a la humanidad sobre la importancia de generar futuros escenarios m\u00e1s justos, sostenibles y m\u00e1s conscientes del valor de la vida en todas sus formas.<\/p>\n\n\n\n<p>Entre los temas que se abordaron en las diferentes mesas de este foro, destacan las ponencias: S\u00edntesis de biocombustibles: Residuos, hules y aceites de microalgas, Din\u00e1mica horizontal y vertical de compuestos org\u00e1nicos sint\u00e9ticos en agua para riego del valle del mezquital, Evaluaci\u00f3n de trayectorias socio-ecol\u00f3gicas a nivel de cuenca en el suroeste de la CDMX, Patrimonio biocultural chinampero, Intersecciones entre la gesti\u00f3n cultural y el ambientalismo, Migraci\u00f3n y cambio clim\u00e1tico y Ciencia, defensa del ma\u00edz y transg\u00e9nicos en M\u00e9xico.<\/p>\n","protected":false},"excerpt":{"rendered":"<p>Como parte de un trabajo acad\u00e9mico colaborativo, investigadores de la Universidad Aut\u00f3noma de Tlaxcala (UATx) participaron con sus hom\u00f3logos de Espa\u00f1a, Colombia, Paraguay, Argentina, Chile, Pa\u00edses Bajos, Estados Unidos de Norteam\u00e9rica y M\u00e9xico, en la Segunda edici\u00f3n de la Jornada Internacional de Conferencias por el Ambiente (JICAM-2025), que reuni\u00f3 a m\u00e1s de 36 instituciones acad\u00e9micas, [&hellip;]<\/p>\n","protected":false},"author":9,"featured_media":96554,"comment_status":"open","ping_status":"open","sticky":false,"template":"","format":"standard","meta":{"om_disable_all_campaigns":false,"_monsterinsights_skip_tracking":false,"_monsterinsights_sitenote_active":false,"_monsterinsights_sitenote_note":"","_monsterinsights_sitenote_category":0,"jnews-multi-image_gallery":[],"jnews_single_post":{"format":"standard"},"jnews_primary_category":[],"footnotes":""},"categories":[1],"tags":[],"class_list":["post-96553","post","type-post","status-publish","format-standard","has-post-thumbnail","hentry","category-uncategorized"],"aioseo_notices":[],"_links":{"self":[{"href":"https:\/\/estado29.mx\/index.php?rest_route=\/wp\/v2\/posts\/96553","targetHints":{"allow":["GET"]}}],"collection":[{"href":"https:\/\/estado29.mx\/index.php?rest_route=\/wp\/v2\/posts"}],"about":[{"href":"https:\/\/estado29.mx\/index.php?rest_route=\/wp\/v2\/types\/post"}],"author":[{"embeddable":true,"href":"https:\/\/estado29.mx\/index.php?rest_route=\/wp\/v2\/users\/9"}],"replies":[{"embeddable":true,"href":"https:\/\/estado29.mx\/index.php?rest_route=%2Fwp%2Fv2%2Fcomments&post=96553"}],"version-history":[{"count":1,"href":"https:\/\/estado29.mx\/index.php?rest_route=\/wp\/v2\/posts\/96553\/revisions"}],"predecessor-version":[{"id":96555,"href":"https:\/\/estado29.mx\/index.php?rest_route=\/wp\/v2\/posts\/96553\/revisions\/96555"}],"wp:featuredmedia":[{"embeddable":true,"href":"https:\/\/estado29.mx\/index.php?rest_route=\/wp\/v2\/media\/96554"}],"wp:attachment":[{"href":"https:\/\/estado29.mx\/index.php?rest_route=%2Fwp%2Fv2%2Fmedia&parent=96553"}],"wp:term":[{"taxonomy":"category","embeddable":true,"href":"https:\/\/estado29.mx\/index.php?rest_route=%2Fwp%2Fv2%2Fcategories&post=96553"},{"taxonomy":"post_tag","embeddable":true,"href":"https:\/\/estado29.mx\/index.php?rest_route=%2Fwp%2Fv2%2Ftags&post=96553"}],"curies":[{"name":"wp","href":"https:\/\/api.w.org\/{rel}","templated":true}]}}