{"id":96559,"date":"2025-06-16T22:48:25","date_gmt":"2025-06-16T22:48:25","guid":{"rendered":"https:\/\/estado29.mx\/?p=96559"},"modified":"2025-06-16T22:48:26","modified_gmt":"2025-06-16T22:48:26","slug":"innovacion-y-conocimiento-plasman-estudiantes-de-diseno-textil-uatx-en-la-%f0%9d%90%96%f0%9d%90%9e%f0%9d%90%ac%f0%9d%90%ad%f0%9d%90%9e%f0%9d%90%ab%f0%9d%90%a7-%f0%9d%90%86%f0%9d%90%a5%f0%9d%90%9a","status":"publish","type":"post","link":"https:\/\/estado29.mx\/?p=96559","title":{"rendered":"Innovaci\u00f3n y conocimiento plasman estudiantes de Dise\u00f1o Textil UATx en la \ud835\udc16\ud835\udc1e\ud835\udc2c\ud835\udc2d\ud835\udc1e\ud835\udc2b\ud835\udc27 \ud835\udc06\ud835\udc25\ud835\udc1a\ud835\udc26 \ud835\udfd0\ud835\udfce\ud835\udfd0\ud835\udfd3"},"content":{"rendered":"<figure class=\"wp-block-post-featured-image\"><img loading=\"lazy\" decoding=\"async\" width=\"2137\" height=\"1425\" src=\"https:\/\/estado29.mx\/wp-content\/uploads\/2025\/06\/6-Innovacion-y-conocimiento-plasman-estudiantes-de-Diseno-Textil-UATx-en-la-\ud835\udc16\ud835\udc1e\ud835\udc2c\ud835\udc2d\ud835\udc1e\ud835\udc2b\ud835\udc27-\ud835\udc06\ud835\udc25\ud835\udc1a\ud835\udc26-\ud835\udfd0\ud835\udfce\ud835\udfd0\ud835\udfd3-1-1.jpg\" class=\"attachment-post-thumbnail size-post-thumbnail wp-post-image\" alt=\"\" style=\"object-fit:cover;\" srcset=\"https:\/\/estado29.mx\/wp-content\/uploads\/2025\/06\/6-Innovacion-y-conocimiento-plasman-estudiantes-de-Diseno-Textil-UATx-en-la-\ud835\udc16\ud835\udc1e\ud835\udc2c\ud835\udc2d\ud835\udc1e\ud835\udc2b\ud835\udc27-\ud835\udc06\ud835\udc25\ud835\udc1a\ud835\udc26-\ud835\udfd0\ud835\udfce\ud835\udfd0\ud835\udfd3-1-1.jpg 2137w, https:\/\/estado29.mx\/wp-content\/uploads\/2025\/06\/6-Innovacion-y-conocimiento-plasman-estudiantes-de-Diseno-Textil-UATx-en-la-\ud835\udc16\ud835\udc1e\ud835\udc2c\ud835\udc2d\ud835\udc1e\ud835\udc2b\ud835\udc27-\ud835\udc06\ud835\udc25\ud835\udc1a\ud835\udc26-\ud835\udfd0\ud835\udfce\ud835\udfd0\ud835\udfd3-1-1-300x200.jpg 300w, https:\/\/estado29.mx\/wp-content\/uploads\/2025\/06\/6-Innovacion-y-conocimiento-plasman-estudiantes-de-Diseno-Textil-UATx-en-la-\ud835\udc16\ud835\udc1e\ud835\udc2c\ud835\udc2d\ud835\udc1e\ud835\udc2b\ud835\udc27-\ud835\udc06\ud835\udc25\ud835\udc1a\ud835\udc26-\ud835\udfd0\ud835\udfce\ud835\udfd0\ud835\udfd3-1-1-1024x683.jpg 1024w, https:\/\/estado29.mx\/wp-content\/uploads\/2025\/06\/6-Innovacion-y-conocimiento-plasman-estudiantes-de-Diseno-Textil-UATx-en-la-\ud835\udc16\ud835\udc1e\ud835\udc2c\ud835\udc2d\ud835\udc1e\ud835\udc2b\ud835\udc27-\ud835\udc06\ud835\udc25\ud835\udc1a\ud835\udc26-\ud835\udfd0\ud835\udfce\ud835\udfd0\ud835\udfd3-1-1-768x512.jpg 768w, https:\/\/estado29.mx\/wp-content\/uploads\/2025\/06\/6-Innovacion-y-conocimiento-plasman-estudiantes-de-Diseno-Textil-UATx-en-la-\ud835\udc16\ud835\udc1e\ud835\udc2c\ud835\udc2d\ud835\udc1e\ud835\udc2b\ud835\udc27-\ud835\udc06\ud835\udc25\ud835\udc1a\ud835\udc26-\ud835\udfd0\ud835\udfce\ud835\udfd0\ud835\udfd3-1-1-1536x1024.jpg 1536w, https:\/\/estado29.mx\/wp-content\/uploads\/2025\/06\/6-Innovacion-y-conocimiento-plasman-estudiantes-de-Diseno-Textil-UATx-en-la-\ud835\udc16\ud835\udc1e\ud835\udc2c\ud835\udc2d\ud835\udc1e\ud835\udc2b\ud835\udc27-\ud835\udc06\ud835\udc25\ud835\udc1a\ud835\udc26-\ud835\udfd0\ud835\udfce\ud835\udfd0\ud835\udfd3-1-1-2048x1366.jpg 2048w, https:\/\/estado29.mx\/wp-content\/uploads\/2025\/06\/6-Innovacion-y-conocimiento-plasman-estudiantes-de-Diseno-Textil-UATx-en-la-\ud835\udc16\ud835\udc1e\ud835\udc2c\ud835\udc2d\ud835\udc1e\ud835\udc2b\ud835\udc27-\ud835\udc06\ud835\udc25\ud835\udc1a\ud835\udc26-\ud835\udfd0\ud835\udfce\ud835\udfd0\ud835\udfd3-1-1-750x500.jpg 750w, https:\/\/estado29.mx\/wp-content\/uploads\/2025\/06\/6-Innovacion-y-conocimiento-plasman-estudiantes-de-Diseno-Textil-UATx-en-la-\ud835\udc16\ud835\udc1e\ud835\udc2c\ud835\udc2d\ud835\udc1e\ud835\udc2b\ud835\udc27-\ud835\udc06\ud835\udc25\ud835\udc1a\ud835\udc26-\ud835\udfd0\ud835\udfce\ud835\udfd0\ud835\udfd3-1-1-1140x760.jpg 1140w\" sizes=\"auto, (max-width: 2137px) 100vw, 2137px\" \/><\/figure>\n\n\n<p>\u00fc Presentan propuestas con impacto social, ecol\u00f3gico y profesional<\/p>\n\n\n\n<p>Un gran trabajo de equipo despleg\u00f3 la comunidad estudiantil y docente de la Facultad de Dise\u00f1o Arte y Arquitectura de la Universidad Aut\u00f3noma de Tlaxcala (FDAyA-UATx) en la realizaci\u00f3n de la pasarela \ud835\udc16\ud835\udc1e\ud835\udc2c\ud835\udc2d\ud835\udc1e\ud835\udc2b\ud835\udc27 \ud835\udc06\ud835\udc25\ud835\udc1a\ud835\udc26 \ud835\udfd0\ud835\udfce\ud835\udfd0\ud835\udfd3, la cual se consolid\u00f3 como una experiencia multidisciplinaria que uni\u00f3 creatividad, conciencia ecol\u00f3gica e innovaci\u00f3n textil.<\/p>\n\n\n\n<p>Liderado por estudiantes y docentes de sexto semestre de la Licenciatura en Dise\u00f1o Textil, el proyecto integr\u00f3 esfuerzos de las licenciaturas en Dise\u00f1o Gr\u00e1fico al crear la imagen del evento; Artes Visuales tom\u00f3 a su cargo la fotograf\u00eda y portafolios; Arquitectura dise\u00f1\u00f3 y distribuy\u00f3 los espacios; y estudiantes de cuarto semestre de Textil tuvieron la responsabilidad de la log\u00edstica y staff, demostrando un s\u00f3lido trabajo en equipo.<\/p>\n\n\n\n<p>Las colecciones presentadas en \ud835\udc16\ud835\udc1e\ud835\udc2c\ud835\udc2d\ud835\udc1e\ud835\udc2b\ud835\udc27 \ud835\udc06\ud835\udc25\ud835\udc1a\ud835\udc26 \ud835\udfd0\ud835\udfce\ud835\udfd0\ud835\udfd3 fueron elaboradas con biomateriales creados por los propios estudiantes, quienes respondieron a las macrotendencias de Trendo M\u00e9xico: Matraca, Radar, Potra y Continental, dirigidas a la Generaci\u00f3n Z, joven, cr\u00edtica y creativa.<\/p>\n\n\n\n<p>El evento tuvo lugar el 4 de junio en el establecimiento \u201cLa que Manda\u201d con la presencia de directivos de la FDAyA, familiares y aliados del sector educativo y empresarial como TAVEX, Trozmer y S\u00f3nico, quienes atestiguaron c\u00f3mo la Universidad, la industria y el talento joven pueden unirse para generar propuestas con impacto social, ecol\u00f3gico y profesional<\/p>\n","protected":false},"excerpt":{"rendered":"<p>\u00fc Presentan propuestas con impacto social, ecol\u00f3gico y profesional Un gran trabajo de equipo despleg\u00f3 la comunidad estudiantil y docente de la Facultad de Dise\u00f1o Arte y Arquitectura de la Universidad Aut\u00f3noma de Tlaxcala (FDAyA-UATx) en la realizaci\u00f3n de la pasarela \ud835\udc16\ud835\udc1e\ud835\udc2c\ud835\udc2d\ud835\udc1e\ud835\udc2b\ud835\udc27 \ud835\udc06\ud835\udc25\ud835\udc1a\ud835\udc26 \ud835\udfd0\ud835\udfce\ud835\udfd0\ud835\udfd3, la cual se consolid\u00f3 como una experiencia multidisciplinaria que uni\u00f3 creatividad, [&hellip;]<\/p>\n","protected":false},"author":9,"featured_media":96560,"comment_status":"open","ping_status":"open","sticky":false,"template":"","format":"standard","meta":{"om_disable_all_campaigns":false,"_monsterinsights_skip_tracking":false,"_monsterinsights_sitenote_active":false,"_monsterinsights_sitenote_note":"","_monsterinsights_sitenote_category":0,"jnews-multi-image_gallery":[],"jnews_single_post":{"format":"standard"},"jnews_primary_category":[],"footnotes":""},"categories":[1],"tags":[],"class_list":["post-96559","post","type-post","status-publish","format-standard","has-post-thumbnail","hentry","category-uncategorized"],"aioseo_notices":[],"_links":{"self":[{"href":"https:\/\/estado29.mx\/index.php?rest_route=\/wp\/v2\/posts\/96559","targetHints":{"allow":["GET"]}}],"collection":[{"href":"https:\/\/estado29.mx\/index.php?rest_route=\/wp\/v2\/posts"}],"about":[{"href":"https:\/\/estado29.mx\/index.php?rest_route=\/wp\/v2\/types\/post"}],"author":[{"embeddable":true,"href":"https:\/\/estado29.mx\/index.php?rest_route=\/wp\/v2\/users\/9"}],"replies":[{"embeddable":true,"href":"https:\/\/estado29.mx\/index.php?rest_route=%2Fwp%2Fv2%2Fcomments&post=96559"}],"version-history":[{"count":1,"href":"https:\/\/estado29.mx\/index.php?rest_route=\/wp\/v2\/posts\/96559\/revisions"}],"predecessor-version":[{"id":96561,"href":"https:\/\/estado29.mx\/index.php?rest_route=\/wp\/v2\/posts\/96559\/revisions\/96561"}],"wp:featuredmedia":[{"embeddable":true,"href":"https:\/\/estado29.mx\/index.php?rest_route=\/wp\/v2\/media\/96560"}],"wp:attachment":[{"href":"https:\/\/estado29.mx\/index.php?rest_route=%2Fwp%2Fv2%2Fmedia&parent=96559"}],"wp:term":[{"taxonomy":"category","embeddable":true,"href":"https:\/\/estado29.mx\/index.php?rest_route=%2Fwp%2Fv2%2Fcategories&post=96559"},{"taxonomy":"post_tag","embeddable":true,"href":"https:\/\/estado29.mx\/index.php?rest_route=%2Fwp%2Fv2%2Ftags&post=96559"}],"curies":[{"name":"wp","href":"https:\/\/api.w.org\/{rel}","templated":true}]}}