{"id":96587,"date":"2025-06-17T13:33:46","date_gmt":"2025-06-17T13:33:46","guid":{"rendered":"https:\/\/estado29.mx\/?p=96587"},"modified":"2025-06-17T13:33:47","modified_gmt":"2025-06-17T13:33:47","slug":"recibe-gobernadora-lorena-cuellar-a-estudiantes-y-docentes-del-distrito-escolar-de-pharr-san-juan-alamo-de-texas","status":"publish","type":"post","link":"https:\/\/estado29.mx\/?p=96587","title":{"rendered":"Recibe gobernadora Lorena Cu\u00e9llar a estudiantes y docentes del distrito escolar de Pharr-San Juan Alamo de Texas"},"content":{"rendered":"\n<p><\/p>\n\n\n\n<p>*Arribaron a Tlaxcala como parte de la segunda etapa del intercambio internacional acad\u00e9mico-cultural con el CECyTE-EMSaD<\/p>\n\n\n\n<p>La gobernadora Lorena Cu\u00e9llar Cisneros encabez\u00f3 la bienvenida a la delegaci\u00f3n del Distrito Escolar Independiente de Pharr-San Juan \u00c1lamo (PSJA) de Texas, Estados Unidos, quienes arribaron a Tlaxcala como parte de la segunda etapa del intercambio internacional acad\u00e9mico y cultural con el Colegio de Estudios Cient\u00edficos y Tecnol\u00f3gicos del Estado y los Centros de Educaci\u00f3n Media Superior a Distancia (CECyTE-EMSaD).<\/p>\n\n\n\n<p>En el Sal\u00f3n Rojo de Palacio de Gobierno, la mandataria estatal destac\u00f3 la importancia de fortalecer los lazos educativos con instituciones internacionales que permita abrir nuevas oportunidades de desarrollo para j\u00f3venes tlaxcaltecas y enriquecer su formaci\u00f3n acad\u00e9mica.<\/p>\n\n\n\n<p>\u201cEn tres a\u00f1os hemos logrado avances importantes en educaci\u00f3n en Tlaxcala, como la cobertura del 50 por ciento en el nivel medio superior, la creaci\u00f3n de 20 nuevos bachilleratos y seis universidades que han tenido un impacto positivo en la formaci\u00f3n de nuestros estudiantes\u201d, afirm\u00f3.<\/p>\n\n\n\n<p>En su mensaje, record\u00f3 la firma de la carta de compromiso que se sign\u00f3 con el distrito escolar de PSJA, que permiti\u00f3 a estudiantes tlaxcaltecas viajar a Texas para fortalecer su aprendizaje y ampliar su visi\u00f3n del mundo.<\/p>\n\n\n\n<p>La titular del Ejecutivo Estatal anunci\u00f3 que en el presupuesto del pr\u00f3ximo a\u00f1o se contemplar\u00e1n recursos para reforzar estas iniciativas, con la finalidad de promover el desarrollo de la juventud tlaxcalteca.<\/p>\n\n\n\n<p>Al dirigirse a los nueve docentes, cuatro estudiantes y tres directivos de la delegaci\u00f3n de Pharr-San Juan \u00c1lamo, la gobernadora Cu\u00e9llar agradeci\u00f3 su apoyo para continuar el trabajo coordinado que permita el crecimiento de este tipo de experiencias.<\/p>\n\n\n\n<p>&#8220;Espero que los j\u00f3venes que hoy llegan a Tlaxcala se sientan acogidos, atendidos y que sepan que en este estado somos anfitriones por tradici\u00f3n. Seguramente se llevar\u00e1n bonitos recuerdos de esta tierra que los recibe con los brazos abiertos. Muchas gracias y bienvenidos a Tlaxcala&#8221;, afirm\u00f3.<\/p>\n\n\n\n<p>En su oportunidad, Homero Meneses Hern\u00e1ndez, titular de la Secretar\u00eda de Educaci\u00f3n P\u00fablica (SEPE), resalt\u00f3 el esfuerzo de la gobernadora Lorena Cu\u00e9llar por fortalecer el sistema educativo de Tlaxcala, que permiti\u00f3 que la entidad pasara de 106 planteles a 132 instituciones, en tres a\u00f1os; beneficiando a m\u00e1s de 61 mil alumnos, quienes reciben la beca \u201cBenito Ju\u00e1rez\u201d del Gobierno de M\u00e9xico.<\/p>\n\n\n\n<p>&#8220;Este intercambio nos permite reforzar la educaci\u00f3n como herramienta de integraci\u00f3n. Este proyecto es muy valioso para un estado como Tlaxcala, donde podemos aprovechar la colaboraci\u00f3n para impulsar la educaci\u00f3n y el desarrollo tecnol\u00f3gico&#8221;, se\u00f1al\u00f3.<\/p>\n\n\n\n<p>En tanto, Blas Marvin Mora Olvera, director general del CECyTE-EMSaD, explic\u00f3 que el objetivo es fortalecer el acercamiento y vinculaci\u00f3n con instituciones internacionales para compartir experiencias exitosas que se puedan replicar en Tlaxcala, en beneficio de los 17 mil estudiantes que atiende el subsistema.<\/p>\n\n\n\n<p>El director ejecutivo de Recursos Humanos del Distrito Escolar San Juan \u00c1lamo, Alfredo Castillo, destac\u00f3 la importancia de este programa educativo, que busca garantizar igualdad de oportunidades para todos los estudiantes.<\/p>\n\n\n\n<p>&#8220;Contamos con tres comunidades, tres ciudades y m\u00e1s de 30 mil estudiantes\u201d, enfatiz\u00f3.<\/p>\n\n\n\n<p>Al evento asistieron por parte del PSJA Texas, Yolanda Castillo, miembro de la Mesa Directiva y Olivia Mart\u00ednez, directora de Educaci\u00f3n de Lenguaje dual\/ingl\u00e9s. Por parte del CECyTE-EMsAD acudieron Francisco Javier Tob\u00f3n Solano, director de Vinculaci\u00f3n; Paul Hern\u00e1ndez G\u00f3mez, jefe de Extensi\u00f3n Institucional y Socorro L\u00f3pez V\u00e1zquez, jefa de Promoci\u00f3n y Difusi\u00f3n.<\/p>\n","protected":false},"excerpt":{"rendered":"<p>*Arribaron a Tlaxcala como parte de la segunda etapa del intercambio internacional acad\u00e9mico-cultural con el CECyTE-EMSaD La gobernadora Lorena Cu\u00e9llar Cisneros encabez\u00f3 la bienvenida a la delegaci\u00f3n del Distrito Escolar Independiente de Pharr-San Juan \u00c1lamo (PSJA) de Texas, Estados Unidos, quienes arribaron a Tlaxcala como parte de la segunda etapa del intercambio internacional acad\u00e9mico y [&hellip;]<\/p>\n","protected":false},"author":4,"featured_media":96588,"comment_status":"open","ping_status":"open","sticky":false,"template":"","format":"standard","meta":{"om_disable_all_campaigns":false,"_monsterinsights_skip_tracking":false,"_monsterinsights_sitenote_active":false,"_monsterinsights_sitenote_note":"","_monsterinsights_sitenote_category":0,"jnews-multi-image_gallery":[],"jnews_single_post":{"format":"standard"},"jnews_primary_category":[],"footnotes":""},"categories":[1],"tags":[],"class_list":["post-96587","post","type-post","status-publish","format-standard","has-post-thumbnail","hentry","category-uncategorized"],"aioseo_notices":[],"_links":{"self":[{"href":"https:\/\/estado29.mx\/index.php?rest_route=\/wp\/v2\/posts\/96587","targetHints":{"allow":["GET"]}}],"collection":[{"href":"https:\/\/estado29.mx\/index.php?rest_route=\/wp\/v2\/posts"}],"about":[{"href":"https:\/\/estado29.mx\/index.php?rest_route=\/wp\/v2\/types\/post"}],"author":[{"embeddable":true,"href":"https:\/\/estado29.mx\/index.php?rest_route=\/wp\/v2\/users\/4"}],"replies":[{"embeddable":true,"href":"https:\/\/estado29.mx\/index.php?rest_route=%2Fwp%2Fv2%2Fcomments&post=96587"}],"version-history":[{"count":1,"href":"https:\/\/estado29.mx\/index.php?rest_route=\/wp\/v2\/posts\/96587\/revisions"}],"predecessor-version":[{"id":96589,"href":"https:\/\/estado29.mx\/index.php?rest_route=\/wp\/v2\/posts\/96587\/revisions\/96589"}],"wp:featuredmedia":[{"embeddable":true,"href":"https:\/\/estado29.mx\/index.php?rest_route=\/wp\/v2\/media\/96588"}],"wp:attachment":[{"href":"https:\/\/estado29.mx\/index.php?rest_route=%2Fwp%2Fv2%2Fmedia&parent=96587"}],"wp:term":[{"taxonomy":"category","embeddable":true,"href":"https:\/\/estado29.mx\/index.php?rest_route=%2Fwp%2Fv2%2Fcategories&post=96587"},{"taxonomy":"post_tag","embeddable":true,"href":"https:\/\/estado29.mx\/index.php?rest_route=%2Fwp%2Fv2%2Ftags&post=96587"}],"curies":[{"name":"wp","href":"https:\/\/api.w.org\/{rel}","templated":true}]}}