{"id":96593,"date":"2025-06-17T13:55:48","date_gmt":"2025-06-17T13:55:48","guid":{"rendered":"https:\/\/estado29.mx\/?p=96593"},"modified":"2025-06-17T13:55:48","modified_gmt":"2025-06-17T13:55:48","slug":"capacitara-cepc-a-directores-municipales-para-reducir-riesgos-durante-fiestas-patronales","status":"publish","type":"post","link":"https:\/\/estado29.mx\/?p=96593","title":{"rendered":"Capacitar\u00e1 CEPC a directores municipales para reducir riesgos durante fiestas patronales"},"content":{"rendered":"\n<p><\/p>\n\n\n\n<p>La Coordinaci\u00f3n Estatal de Protecci\u00f3n Civil (CEPC) brincar\u00e1 capacitaci\u00f3n a los municipios con el objetivo de fortalecer la cultura de la prevenci\u00f3n y mejorar la gesti\u00f3n de riesgos durante la realizaci\u00f3n de celebraciones y eventos masivos en sus demarcaciones.<\/p>\n\n\n\n<p>El titular de la CEPC, Juvencio Nieto Galicia, destac\u00f3 que esta actividad busca fortalecer las capacidades t\u00e9cnicas y operativas de los directores municipales de Protecci\u00f3n Civil para responder de manera oportuna y eficaz ante cualquier contingencia.<\/p>\n\n\n\n<p>\u201cQueremos reforzar los esquemas de seguridad y protocolos de actuaci\u00f3n en los municipios, de forma que se garantice la integridad f\u00edsica de la poblaci\u00f3n ante cualquier eventualidad. Es muy importante que personal de Protecci\u00f3n Civil, as\u00ed como la Polic\u00eda Municipal, conozca qu\u00e9 hacer en caso de una contingencia, ya que son los primeros respondientes\u201d, afirm\u00f3.<\/p>\n\n\n\n<p>Asimismo, Nieto Galicia precis\u00f3 que la meta es convocar a m\u00e1s del 80 por ciento de los municipios del estado, con el objetivo de consolidar el trabajo colaborativo entre corporaciones de seguridad y auxilio en toda la entidad ante situaciones de emergencia.<\/p>\n\n\n\n<p>Durante las sesiones, se abordar\u00e1n temas como \u201cAn\u00e1lisis de riesgos locales\u201d, \u201cDiagn\u00f3stico comunitario\u201d, \u201cPlanificaci\u00f3n y elaboraci\u00f3n de programas especiales de protecci\u00f3n civil para eventos masivos\u201d, \u201cUso y manejo seguro de pirotecnia\u201d, \u201cCoordinaci\u00f3n con servicios de emergencia y primeros auxilios\u201d y \u201cComunicaci\u00f3n de riesgos a la poblaci\u00f3n\u201d.<\/p>\n\n\n\n<p>Adem\u00e1s, se presentar\u00e1 un caso pr\u00e1ctico enfocado en la elaboraci\u00f3n del plan de Protecci\u00f3n Civil.<\/p>\n\n\n\n<p>La actividad formativa, titulada \u201cGesti\u00f3n Integral del Riesgo durante Fiestas Patronales\u201d, se llevar\u00e1 a cabo los d\u00edas 17 y 24 de junio, as\u00ed como el 1 y 8 de julio, en un horario de 10:00 a 14:00 horas, en las instalaciones de la CEPC.<\/p>\n","protected":false},"excerpt":{"rendered":"<p>La Coordinaci\u00f3n Estatal de Protecci\u00f3n Civil (CEPC) brincar\u00e1 capacitaci\u00f3n a los municipios con el objetivo de fortalecer la cultura de la prevenci\u00f3n y mejorar la gesti\u00f3n de riesgos durante la realizaci\u00f3n de celebraciones y eventos masivos en sus demarcaciones. El titular de la CEPC, Juvencio Nieto Galicia, destac\u00f3 que esta actividad busca fortalecer las capacidades [&hellip;]<\/p>\n","protected":false},"author":4,"featured_media":96594,"comment_status":"open","ping_status":"open","sticky":false,"template":"","format":"standard","meta":{"om_disable_all_campaigns":false,"_monsterinsights_skip_tracking":false,"_monsterinsights_sitenote_active":false,"_monsterinsights_sitenote_note":"","_monsterinsights_sitenote_category":0,"jnews-multi-image_gallery":[],"jnews_single_post":{"format":"standard"},"jnews_primary_category":[],"footnotes":""},"categories":[1],"tags":[],"class_list":["post-96593","post","type-post","status-publish","format-standard","has-post-thumbnail","hentry","category-uncategorized"],"aioseo_notices":[],"_links":{"self":[{"href":"https:\/\/estado29.mx\/index.php?rest_route=\/wp\/v2\/posts\/96593","targetHints":{"allow":["GET"]}}],"collection":[{"href":"https:\/\/estado29.mx\/index.php?rest_route=\/wp\/v2\/posts"}],"about":[{"href":"https:\/\/estado29.mx\/index.php?rest_route=\/wp\/v2\/types\/post"}],"author":[{"embeddable":true,"href":"https:\/\/estado29.mx\/index.php?rest_route=\/wp\/v2\/users\/4"}],"replies":[{"embeddable":true,"href":"https:\/\/estado29.mx\/index.php?rest_route=%2Fwp%2Fv2%2Fcomments&post=96593"}],"version-history":[{"count":1,"href":"https:\/\/estado29.mx\/index.php?rest_route=\/wp\/v2\/posts\/96593\/revisions"}],"predecessor-version":[{"id":96595,"href":"https:\/\/estado29.mx\/index.php?rest_route=\/wp\/v2\/posts\/96593\/revisions\/96595"}],"wp:featuredmedia":[{"embeddable":true,"href":"https:\/\/estado29.mx\/index.php?rest_route=\/wp\/v2\/media\/96594"}],"wp:attachment":[{"href":"https:\/\/estado29.mx\/index.php?rest_route=%2Fwp%2Fv2%2Fmedia&parent=96593"}],"wp:term":[{"taxonomy":"category","embeddable":true,"href":"https:\/\/estado29.mx\/index.php?rest_route=%2Fwp%2Fv2%2Fcategories&post=96593"},{"taxonomy":"post_tag","embeddable":true,"href":"https:\/\/estado29.mx\/index.php?rest_route=%2Fwp%2Fv2%2Ftags&post=96593"}],"curies":[{"name":"wp","href":"https:\/\/api.w.org\/{rel}","templated":true}]}}