{"id":96596,"date":"2025-06-17T23:49:40","date_gmt":"2025-06-17T23:49:40","guid":{"rendered":"https:\/\/estado29.mx\/?p=96596"},"modified":"2025-06-17T23:49:40","modified_gmt":"2025-06-17T23:49:40","slug":"ayuntamiento-de-tlaxcala-y-comerciantes-acuerdan-reubicacion-para-liberar-zona-protegida-por-la-unesco","status":"publish","type":"post","link":"https:\/\/estado29.mx\/?p=96596","title":{"rendered":"AYUNTAMIENTO DE TLAXCALA Y COMERCIANTES ACUERDAN REUBICACI\u00d3N PARA LIBERAR ZONA PROTEGIDA POR LA UNESCO"},"content":{"rendered":"<figure class=\"wp-block-post-featured-image\"><img loading=\"lazy\" decoding=\"async\" width=\"1226\" height=\"818\" src=\"https:\/\/estado29.mx\/wp-content\/uploads\/2025\/06\/WhatsApp-Image-2025-06-17-at-6.57.11-AM.jpeg\" class=\"attachment-post-thumbnail size-post-thumbnail wp-post-image\" alt=\"\" style=\"object-fit:cover;\" srcset=\"https:\/\/estado29.mx\/wp-content\/uploads\/2025\/06\/WhatsApp-Image-2025-06-17-at-6.57.11-AM.jpeg 1226w, https:\/\/estado29.mx\/wp-content\/uploads\/2025\/06\/WhatsApp-Image-2025-06-17-at-6.57.11-AM-300x200.jpeg 300w, https:\/\/estado29.mx\/wp-content\/uploads\/2025\/06\/WhatsApp-Image-2025-06-17-at-6.57.11-AM-1024x683.jpeg 1024w, https:\/\/estado29.mx\/wp-content\/uploads\/2025\/06\/WhatsApp-Image-2025-06-17-at-6.57.11-AM-768x512.jpeg 768w, https:\/\/estado29.mx\/wp-content\/uploads\/2025\/06\/WhatsApp-Image-2025-06-17-at-6.57.11-AM-750x500.jpeg 750w, https:\/\/estado29.mx\/wp-content\/uploads\/2025\/06\/WhatsApp-Image-2025-06-17-at-6.57.11-AM-1140x761.jpeg 1140w\" sizes=\"auto, (max-width: 1226px) 100vw, 1226px\" \/><\/figure>\n\n\n<p>En un acto de corresponsabilidad y di\u00e1logo, el Ayuntamiento de Tlaxcala, que encabeza el presidente municipal Alfonso S\u00e1nchez Garc\u00eda, informa que a partir de este lunes 16 de junio las y los comerciantes ubicados en la Plaza Xicoht\u00e9ncatl ser\u00e1n reubicados a la calle Porfirio D\u00edaz, entre Avenida Diego Mu\u00f1oz Camargo y calle 1 de Mayo, justo detr\u00e1s del edificio de Correos.<\/p>\n\n\n\n<p>Esta acci\u00f3n responde al cumplimiento de los lineamientos establecidos en la declaratoria de Patrimonio Mundial de la UNESCO, que protege al Conjunto Conventual Franciscano y Catedralicio de Nuestra Se\u00f1ora de la Asunci\u00f3n, uno de los recintos hist\u00f3ricos m\u00e1s representativos de la capital tlaxcalteca.<\/p>\n\n\n\n<p>El acuerdo fue resultado de diversas mesas de trabajo entre autoridades municipales y comerciantes, quienes legaron a un acuerdo que permite resguardar el patrimonio sin afectar su actividad comercial. La nueva ubicaci\u00f3n ofrecer\u00e1 condiciones adecuadas para que contin\u00faen con sus labores de manera ordenada y segura.<\/p>\n\n\n\n<p>Desde temprana hora, personal del Ayuntamiento realiza labores de acordonamiento y se\u00f1alizaci\u00f3n en el nuevo espacio, lo que facilita el traslado de los puestos y que la ciudadan\u00eda se familiarice con esta reubicaci\u00f3n.<\/p>\n\n\n\n<p>El Gobierno Municipal agradece la disposici\u00f3n y colaboraci\u00f3n de todos los sectores involucrados para hacer posible esta medida que armoniza el desarrollo econ\u00f3mico con el respeto al patrimonio hist\u00f3rico que da identidad a Tlaxcala.<\/p>\n","protected":false},"excerpt":{"rendered":"<p>En un acto de corresponsabilidad y di\u00e1logo, el Ayuntamiento de Tlaxcala, que encabeza el presidente municipal Alfonso S\u00e1nchez Garc\u00eda, informa que a partir de este lunes 16 de junio las y los comerciantes ubicados en la Plaza Xicoht\u00e9ncatl ser\u00e1n reubicados a la calle Porfirio D\u00edaz, entre Avenida Diego Mu\u00f1oz Camargo y calle 1 de Mayo, [&hellip;]<\/p>\n","protected":false},"author":4,"featured_media":96597,"comment_status":"open","ping_status":"open","sticky":false,"template":"","format":"standard","meta":{"om_disable_all_campaigns":false,"_monsterinsights_skip_tracking":false,"_monsterinsights_sitenote_active":false,"_monsterinsights_sitenote_note":"","_monsterinsights_sitenote_category":0,"jnews-multi-image_gallery":[],"jnews_single_post":{"format":"standard"},"jnews_primary_category":[],"footnotes":""},"categories":[1],"tags":[],"class_list":["post-96596","post","type-post","status-publish","format-standard","has-post-thumbnail","hentry","category-uncategorized"],"aioseo_notices":[],"_links":{"self":[{"href":"https:\/\/estado29.mx\/index.php?rest_route=\/wp\/v2\/posts\/96596","targetHints":{"allow":["GET"]}}],"collection":[{"href":"https:\/\/estado29.mx\/index.php?rest_route=\/wp\/v2\/posts"}],"about":[{"href":"https:\/\/estado29.mx\/index.php?rest_route=\/wp\/v2\/types\/post"}],"author":[{"embeddable":true,"href":"https:\/\/estado29.mx\/index.php?rest_route=\/wp\/v2\/users\/4"}],"replies":[{"embeddable":true,"href":"https:\/\/estado29.mx\/index.php?rest_route=%2Fwp%2Fv2%2Fcomments&post=96596"}],"version-history":[{"count":1,"href":"https:\/\/estado29.mx\/index.php?rest_route=\/wp\/v2\/posts\/96596\/revisions"}],"predecessor-version":[{"id":96598,"href":"https:\/\/estado29.mx\/index.php?rest_route=\/wp\/v2\/posts\/96596\/revisions\/96598"}],"wp:featuredmedia":[{"embeddable":true,"href":"https:\/\/estado29.mx\/index.php?rest_route=\/wp\/v2\/media\/96597"}],"wp:attachment":[{"href":"https:\/\/estado29.mx\/index.php?rest_route=%2Fwp%2Fv2%2Fmedia&parent=96596"}],"wp:term":[{"taxonomy":"category","embeddable":true,"href":"https:\/\/estado29.mx\/index.php?rest_route=%2Fwp%2Fv2%2Fcategories&post=96596"},{"taxonomy":"post_tag","embeddable":true,"href":"https:\/\/estado29.mx\/index.php?rest_route=%2Fwp%2Fv2%2Ftags&post=96596"}],"curies":[{"name":"wp","href":"https:\/\/api.w.org\/{rel}","templated":true}]}}