{"id":96599,"date":"2025-06-17T23:50:52","date_gmt":"2025-06-17T23:50:52","guid":{"rendered":"https:\/\/estado29.mx\/?p=96599"},"modified":"2025-06-17T23:50:52","modified_gmt":"2025-06-17T23:50:52","slug":"lleva-alcalde-alfonso-sanchez-garcia-al-senado-acciones-locales-que-combaten-la-desertificacion","status":"publish","type":"post","link":"https:\/\/estado29.mx\/?p=96599","title":{"rendered":"LLEVA ALCALDE ALFONSO S\u00c1NCHEZ GARC\u00cdA AL SENADO ACCIONES LOCALES QUE COMBATEN LA DESERTIFICACI\u00d3N"},"content":{"rendered":"<figure class=\"wp-block-post-featured-image\"><img loading=\"lazy\" decoding=\"async\" width=\"1280\" height=\"853\" src=\"https:\/\/estado29.mx\/wp-content\/uploads\/2025\/06\/WhatsApp-Image-2025-06-17-at-4.03.28-PM.jpeg\" class=\"attachment-post-thumbnail size-post-thumbnail wp-post-image\" alt=\"\" style=\"object-fit:cover;\" srcset=\"https:\/\/estado29.mx\/wp-content\/uploads\/2025\/06\/WhatsApp-Image-2025-06-17-at-4.03.28-PM.jpeg 1280w, https:\/\/estado29.mx\/wp-content\/uploads\/2025\/06\/WhatsApp-Image-2025-06-17-at-4.03.28-PM-300x200.jpeg 300w, https:\/\/estado29.mx\/wp-content\/uploads\/2025\/06\/WhatsApp-Image-2025-06-17-at-4.03.28-PM-1024x682.jpeg 1024w, https:\/\/estado29.mx\/wp-content\/uploads\/2025\/06\/WhatsApp-Image-2025-06-17-at-4.03.28-PM-768x512.jpeg 768w, https:\/\/estado29.mx\/wp-content\/uploads\/2025\/06\/WhatsApp-Image-2025-06-17-at-4.03.28-PM-750x500.jpeg 750w, https:\/\/estado29.mx\/wp-content\/uploads\/2025\/06\/WhatsApp-Image-2025-06-17-at-4.03.28-PM-1140x760.jpeg 1140w\" sizes=\"auto, (max-width: 1280px) 100vw, 1280px\" \/><\/figure>\n\n\n<p>Las Senadoras Amalia Garc\u00eda y Yeidckol Polevnsky destacaron que en la Capital de Tlaxcala el presidente habla de hechos en este rubro<\/p>\n\n\n\n<p>Al participar en el conversatorio \u201cModelo de proyectos sostenibles para la prevenci\u00f3n y atenci\u00f3n de la desertificaci\u00f3n\u201d, el alcalde de Tlaxcala, Alfonso S\u00e1nchez Garc\u00eda, expuso ante miembros del Senado, diputadas federales, autoridades municipales y especialistas, las acciones concretas que su administraci\u00f3n ha emprendido de forma coordinada con la Gobernadora del Estado, Lorena Cu\u00e9llar Cisneros, para enfrentar esta amenaza ambiental desde el \u00e1mbito local.<\/p>\n\n\n\n<p>&#8220;La desertificaci\u00f3n ya no es una amenaza lejana, afecta la seguridad alimentaria y la estabilidad social de nuestras comunidades&#8221;, afirm\u00f3 el alcalde, al destacar que su gobierno trabaja siempre de forma conjunta para generar resultados tangibles.<\/p>\n\n\n\n<p>Durante su intervenci\u00f3n, el alcalde detall\u00f3 estrategias coordinadas que van desde la creaci\u00f3n y fortalecimiento de \u00e1reas verdes urbanas, como el Jard\u00edn Bot\u00e1nico de Tizatl\u00e1n, el parque lineal del R\u00edo Zahuapan y el Parque de las Artesan\u00edas, hasta la intenci\u00f3n de declarar una zona c\u00e9ntrica m\u00e1s como \u00e1rea natural protegida.<\/p>\n\n\n\n<p>Asimismo, habl\u00f3 sobre el impulso a pr\u00e1cticas agropecuarias sustentables, como la reducci\u00f3n del consumo de agua, el uso de fertilizantes org\u00e1nicos, la construcci\u00f3n de jag\u00fceyes bajo el modelo \u201cmeteplante\u201d y la promoci\u00f3n de mercados sociales.<\/p>\n\n\n\n<p>Una de las acciones m\u00e1s destacadas es el rescate integral de la Laguna de Acuitlapilco, la recuperaci\u00f3n de 10 manantiales, limpieza de barrancas, clausura de descargas residuales, jornadas comunitarias de limpieza, campa\u00f1as de reforestaci\u00f3n y control de plagas. Adem\u00e1s, resalt\u00f3 que Tlaxcala cuenta con una planta de tratamiento de aguas residuales en San Hip\u00f3lito Chimalpa, cuyo sistema innovador ha sido reconocido por su eficiencia y ser\u00e1 replicado a nivel nacional.<\/p>\n\n\n\n<p>Al cierre del conversatorio, la senadora Amalia Garc\u00eda Medina, anfitriona del evento, valor\u00f3 la participaci\u00f3n de m\u00e1s de 40 municipios del pa\u00eds en este espacio de di\u00e1logo y construcci\u00f3n de soluciones. En este punto, destac\u00f3 el liderazgo del edil de Tlaxcala en materia ambiental. \u201cEl alcalde Alfonso S\u00e1nchez Garc\u00eda tiene una visi\u00f3n muy clara de lo que se debe hacer\u201d, enfatiz\u00f3.<\/p>\n\n\n\n<p>A su vez, la senadora Yeidckol Polevnsky Gurwitz subray\u00f3 la importancia de estas acciones emprendidas por el Presidente Municipal de Tlaxcala. \u201cAqu\u00ed no se vino a hablar de proyectos, se vino a hablar de lo que ya se est\u00e1 haciendo\u201d, expres\u00f3.<\/p>\n\n\n\n<p>Cabe destacar que, a lo largo del evento, Alfonso S\u00e1nchez Garc\u00eda fue el \u00fanico presidente municipal que particip\u00f3 en este conversatorio al lado especialistas en materia ambiental y representantes de otros municipios.<\/p>\n","protected":false},"excerpt":{"rendered":"<p>Las Senadoras Amalia Garc\u00eda y Yeidckol Polevnsky destacaron que en la Capital de Tlaxcala el presidente habla de hechos en este rubro Al participar en el conversatorio \u201cModelo de proyectos sostenibles para la prevenci\u00f3n y atenci\u00f3n de la desertificaci\u00f3n\u201d, el alcalde de Tlaxcala, Alfonso S\u00e1nchez Garc\u00eda, expuso ante miembros del Senado, diputadas federales, autoridades municipales [&hellip;]<\/p>\n","protected":false},"author":4,"featured_media":96600,"comment_status":"open","ping_status":"open","sticky":false,"template":"","format":"standard","meta":{"om_disable_all_campaigns":false,"_monsterinsights_skip_tracking":false,"_monsterinsights_sitenote_active":false,"_monsterinsights_sitenote_note":"","_monsterinsights_sitenote_category":0,"jnews-multi-image_gallery":[],"jnews_single_post":{"format":"standard"},"jnews_primary_category":[],"footnotes":""},"categories":[1],"tags":[],"class_list":["post-96599","post","type-post","status-publish","format-standard","has-post-thumbnail","hentry","category-uncategorized"],"aioseo_notices":[],"_links":{"self":[{"href":"https:\/\/estado29.mx\/index.php?rest_route=\/wp\/v2\/posts\/96599","targetHints":{"allow":["GET"]}}],"collection":[{"href":"https:\/\/estado29.mx\/index.php?rest_route=\/wp\/v2\/posts"}],"about":[{"href":"https:\/\/estado29.mx\/index.php?rest_route=\/wp\/v2\/types\/post"}],"author":[{"embeddable":true,"href":"https:\/\/estado29.mx\/index.php?rest_route=\/wp\/v2\/users\/4"}],"replies":[{"embeddable":true,"href":"https:\/\/estado29.mx\/index.php?rest_route=%2Fwp%2Fv2%2Fcomments&post=96599"}],"version-history":[{"count":1,"href":"https:\/\/estado29.mx\/index.php?rest_route=\/wp\/v2\/posts\/96599\/revisions"}],"predecessor-version":[{"id":96601,"href":"https:\/\/estado29.mx\/index.php?rest_route=\/wp\/v2\/posts\/96599\/revisions\/96601"}],"wp:featuredmedia":[{"embeddable":true,"href":"https:\/\/estado29.mx\/index.php?rest_route=\/wp\/v2\/media\/96600"}],"wp:attachment":[{"href":"https:\/\/estado29.mx\/index.php?rest_route=%2Fwp%2Fv2%2Fmedia&parent=96599"}],"wp:term":[{"taxonomy":"category","embeddable":true,"href":"https:\/\/estado29.mx\/index.php?rest_route=%2Fwp%2Fv2%2Fcategories&post=96599"},{"taxonomy":"post_tag","embeddable":true,"href":"https:\/\/estado29.mx\/index.php?rest_route=%2Fwp%2Fv2%2Ftags&post=96599"}],"curies":[{"name":"wp","href":"https:\/\/api.w.org\/{rel}","templated":true}]}}