{"id":96602,"date":"2025-06-18T00:00:26","date_gmt":"2025-06-18T00:00:26","guid":{"rendered":"https:\/\/estado29.mx\/?p=96602"},"modified":"2025-06-18T00:00:27","modified_gmt":"2025-06-18T00:00:27","slug":"lleva-dif-huamantla-jornada-de-salud-y-servicios-gratuitos-a-francisco-i-madero-tecoac","status":"publish","type":"post","link":"https:\/\/estado29.mx\/?p=96602","title":{"rendered":"Lleva DIF Huamantla jornada de salud y servicios gratuitos a Francisco I. Madero, Tecoac"},"content":{"rendered":"<figure class=\"wp-block-post-featured-image\"><img loading=\"lazy\" decoding=\"async\" width=\"874\" height=\"656\" src=\"https:\/\/estado29.mx\/wp-content\/uploads\/2025\/06\/WhatsApp-Image-2025-06-17-at-4.10.05-PM.jpeg\" class=\"attachment-post-thumbnail size-post-thumbnail wp-post-image\" alt=\"\" style=\"object-fit:cover;\" srcset=\"https:\/\/estado29.mx\/wp-content\/uploads\/2025\/06\/WhatsApp-Image-2025-06-17-at-4.10.05-PM.jpeg 874w, https:\/\/estado29.mx\/wp-content\/uploads\/2025\/06\/WhatsApp-Image-2025-06-17-at-4.10.05-PM-300x225.jpeg 300w, https:\/\/estado29.mx\/wp-content\/uploads\/2025\/06\/WhatsApp-Image-2025-06-17-at-4.10.05-PM-768x576.jpeg 768w, https:\/\/estado29.mx\/wp-content\/uploads\/2025\/06\/WhatsApp-Image-2025-06-17-at-4.10.05-PM-750x563.jpeg 750w\" sizes=\"auto, (max-width: 874px) 100vw, 874px\" \/><\/figure>\n\n\n<p>El Sistema Municipal DIF de Huamantla contin\u00faa recorriendo las comunidades del municipio con su programa \u201cPor amor a las familias\u201d, acercando atenci\u00f3n m\u00e9dica y orientaci\u00f3n gratuita hasta donde m\u00e1s se necesita.<\/p>\n\n\n\n<p>En esta ocasi\u00f3n, la jornada se realiz\u00f3 en la comunidad de Francisco I. Madero, Tecoac, donde se atendi\u00f3 a m\u00e1s de 40 personas con servicios gratuitos como:<br>\u2022 \ud83d\udc68\u200d\u2695\ufe0f Medicina general<br>\u2022 \ud83e\uddb7 Odontolog\u00eda<br>\u2022 \ud83d\udc53 Entrega de lentes<br>\u2022 \u2696\ufe0f Asesor\u00eda jur\u00eddica<br>\u2022 \ud83e\udde0 Psicolog\u00eda<br>\u2022 \ud83d\ude90 Caravana de salud<br>\u2022 \ud83e\udd1d Servicios municipales<\/p>\n\n\n\n<p>La participaci\u00f3n activa de las familias fue clave para que esta jornada se convirtiera en un espacio de atenci\u00f3n cercana, humana y directa, promoviendo el acceso a servicios esenciales para la salud f\u00edsica, emocional y legal de la poblaci\u00f3n.<\/p>\n\n\n\n<p>Con estas acciones, el SMDIF Huamantla reafirma su compromiso de estar cerca de la gente, promoviendo el bienestar y la atenci\u00f3n digna en cada rinc\u00f3n del municipio.<\/p>\n","protected":false},"excerpt":{"rendered":"<p>El Sistema Municipal DIF de Huamantla contin\u00faa recorriendo las comunidades del municipio con su programa \u201cPor amor a las familias\u201d, acercando atenci\u00f3n m\u00e9dica y orientaci\u00f3n gratuita hasta donde m\u00e1s se necesita. En esta ocasi\u00f3n, la jornada se realiz\u00f3 en la comunidad de Francisco I. Madero, Tecoac, donde se atendi\u00f3 a m\u00e1s de 40 personas con [&hellip;]<\/p>\n","protected":false},"author":9,"featured_media":96603,"comment_status":"open","ping_status":"open","sticky":false,"template":"","format":"standard","meta":{"om_disable_all_campaigns":false,"_monsterinsights_skip_tracking":false,"_monsterinsights_sitenote_active":false,"_monsterinsights_sitenote_note":"","_monsterinsights_sitenote_category":0,"jnews-multi-image_gallery":[],"jnews_single_post":{"format":"standard"},"jnews_primary_category":[],"footnotes":""},"categories":[1],"tags":[],"class_list":["post-96602","post","type-post","status-publish","format-standard","has-post-thumbnail","hentry","category-uncategorized"],"aioseo_notices":[],"_links":{"self":[{"href":"https:\/\/estado29.mx\/index.php?rest_route=\/wp\/v2\/posts\/96602","targetHints":{"allow":["GET"]}}],"collection":[{"href":"https:\/\/estado29.mx\/index.php?rest_route=\/wp\/v2\/posts"}],"about":[{"href":"https:\/\/estado29.mx\/index.php?rest_route=\/wp\/v2\/types\/post"}],"author":[{"embeddable":true,"href":"https:\/\/estado29.mx\/index.php?rest_route=\/wp\/v2\/users\/9"}],"replies":[{"embeddable":true,"href":"https:\/\/estado29.mx\/index.php?rest_route=%2Fwp%2Fv2%2Fcomments&post=96602"}],"version-history":[{"count":1,"href":"https:\/\/estado29.mx\/index.php?rest_route=\/wp\/v2\/posts\/96602\/revisions"}],"predecessor-version":[{"id":96604,"href":"https:\/\/estado29.mx\/index.php?rest_route=\/wp\/v2\/posts\/96602\/revisions\/96604"}],"wp:featuredmedia":[{"embeddable":true,"href":"https:\/\/estado29.mx\/index.php?rest_route=\/wp\/v2\/media\/96603"}],"wp:attachment":[{"href":"https:\/\/estado29.mx\/index.php?rest_route=%2Fwp%2Fv2%2Fmedia&parent=96602"}],"wp:term":[{"taxonomy":"category","embeddable":true,"href":"https:\/\/estado29.mx\/index.php?rest_route=%2Fwp%2Fv2%2Fcategories&post=96602"},{"taxonomy":"post_tag","embeddable":true,"href":"https:\/\/estado29.mx\/index.php?rest_route=%2Fwp%2Fv2%2Ftags&post=96602"}],"curies":[{"name":"wp","href":"https:\/\/api.w.org\/{rel}","templated":true}]}}