{"id":96623,"date":"2025-06-18T13:26:26","date_gmt":"2025-06-18T13:26:26","guid":{"rendered":"https:\/\/estado29.mx\/?p=96623"},"modified":"2025-06-18T13:26:27","modified_gmt":"2025-06-18T13:26:27","slug":"aprehende-fgje-a-hombre-por-feminicidio-ocurrido-en-acuitlapilco","status":"publish","type":"post","link":"https:\/\/estado29.mx\/?p=96623","title":{"rendered":"Aprehende FGJE a hombre por feminicidio ocurrido en Acuitlapilco"},"content":{"rendered":"\n<p><\/p>\n\n\n\n<p>Tras su presunta responsabilidad por el delito de feminicidio, Jos\u00e9 Isabel N., fue aprehendido por elementos de la Polic\u00eda de Investigaci\u00f3n de la Fiscal\u00eda General de Justicia del Estado (FGJE), hechos ocurridos en Acuitlapilco, municipio de Tlaxcala.<\/p>\n\n\n\n<p>De acuerdo con la carpeta de investigaci\u00f3n, el 9 de junio del 2019, Jos\u00e9 Isabel N., \u2014expareja de la v\u00edctima\u2014 arrib\u00f3 a su domicilio ubicado en la comunidad referida y la golpe\u00f3 con un objeto en la cabeza, provoc\u00e1ndole la muerte y como un intento de evadir su responsabilidad, se dio a la fuga.<\/p>\n\n\n\n<p>Luego de tener conocimiento de estos hechos, la FGJE a trav\u00e9s del Ministerio P\u00fablico, Polic\u00eda de Investigaci\u00f3n y Peritos del Instituto de Ciencias Forenses (INCIFO) llev\u00f3 a cabo las indagatorias que se\u00f1alaron como probable responsable a Jos\u00e9 Isabel N.<\/p>\n\n\n\n<p>Tras obtener la orden de aprehensi\u00f3n, agentes de la Polic\u00eda de Investigaci\u00f3n desplegaron un operativo y el imputado fue aprehendido en Zacatl\u00e1n, en el estado de Puebla, donde le hicieron saber los derechos que le asisten como persona detenida.<\/p>\n\n\n\n<p>La Fiscal\u00eda General de Justicia del Estado mantiene el firme compromiso de hacer cumplir la ley a toda persona que cometa estos il\u00edcitos para que las v\u00edctimas directas e indirectas tengan pleno acceso a la procuraci\u00f3n de justicia.<\/p>\n","protected":false},"excerpt":{"rendered":"<p>Tras su presunta responsabilidad por el delito de feminicidio, Jos\u00e9 Isabel N., fue aprehendido por elementos de la Polic\u00eda de Investigaci\u00f3n de la Fiscal\u00eda General de Justicia del Estado (FGJE), hechos ocurridos en Acuitlapilco, municipio de Tlaxcala. De acuerdo con la carpeta de investigaci\u00f3n, el 9 de junio del 2019, Jos\u00e9 Isabel N., \u2014expareja de [&hellip;]<\/p>\n","protected":false},"author":4,"featured_media":96624,"comment_status":"open","ping_status":"open","sticky":false,"template":"","format":"standard","meta":{"om_disable_all_campaigns":false,"_monsterinsights_skip_tracking":false,"_monsterinsights_sitenote_active":false,"_monsterinsights_sitenote_note":"","_monsterinsights_sitenote_category":0,"jnews-multi-image_gallery":[],"jnews_single_post":{"format":"standard"},"jnews_primary_category":[],"footnotes":""},"categories":[1],"tags":[],"class_list":["post-96623","post","type-post","status-publish","format-standard","has-post-thumbnail","hentry","category-uncategorized"],"aioseo_notices":[],"_links":{"self":[{"href":"https:\/\/estado29.mx\/index.php?rest_route=\/wp\/v2\/posts\/96623","targetHints":{"allow":["GET"]}}],"collection":[{"href":"https:\/\/estado29.mx\/index.php?rest_route=\/wp\/v2\/posts"}],"about":[{"href":"https:\/\/estado29.mx\/index.php?rest_route=\/wp\/v2\/types\/post"}],"author":[{"embeddable":true,"href":"https:\/\/estado29.mx\/index.php?rest_route=\/wp\/v2\/users\/4"}],"replies":[{"embeddable":true,"href":"https:\/\/estado29.mx\/index.php?rest_route=%2Fwp%2Fv2%2Fcomments&post=96623"}],"version-history":[{"count":1,"href":"https:\/\/estado29.mx\/index.php?rest_route=\/wp\/v2\/posts\/96623\/revisions"}],"predecessor-version":[{"id":96625,"href":"https:\/\/estado29.mx\/index.php?rest_route=\/wp\/v2\/posts\/96623\/revisions\/96625"}],"wp:featuredmedia":[{"embeddable":true,"href":"https:\/\/estado29.mx\/index.php?rest_route=\/wp\/v2\/media\/96624"}],"wp:attachment":[{"href":"https:\/\/estado29.mx\/index.php?rest_route=%2Fwp%2Fv2%2Fmedia&parent=96623"}],"wp:term":[{"taxonomy":"category","embeddable":true,"href":"https:\/\/estado29.mx\/index.php?rest_route=%2Fwp%2Fv2%2Fcategories&post=96623"},{"taxonomy":"post_tag","embeddable":true,"href":"https:\/\/estado29.mx\/index.php?rest_route=%2Fwp%2Fv2%2Ftags&post=96623"}],"curies":[{"name":"wp","href":"https:\/\/api.w.org\/{rel}","templated":true}]}}