{"id":96626,"date":"2025-06-18T13:28:32","date_gmt":"2025-06-18T13:28:32","guid":{"rendered":"https:\/\/estado29.mx\/?p=96626"},"modified":"2025-06-18T13:28:33","modified_gmt":"2025-06-18T13:28:33","slug":"pasion-esfuerzo-y-emocion-desbordante-en-el-segundo-dia-de-judo","status":"publish","type":"post","link":"https:\/\/estado29.mx\/?p=96626","title":{"rendered":"Pasi\u00f3n, esfuerzo y emoci\u00f3n desbordante en el segundo d\u00eda de judo"},"content":{"rendered":"\n<p><\/p>\n\n\n\n<p>*El tatami vibra en Tlaxcala; atletas y entrenadores reconocen la anfitrion\u00eda del estado<\/p>\n\n\n\n<p>En el segundo d\u00eda de competencias de la disciplina de judo en la Olimpiada Nacional CONADE 2025, el ambiente en el tatami ha sido una verdadera fiesta de emociones, entrega y orgullo por parte de los atletas tlaxcaltecas y de los dem\u00e1s estados participantes.<\/p>\n\n\n\n<p>La jornada estuvo marcada por intensos combates, victorias emocionantes y el testimonio vivo de la pasi\u00f3n por el deporte en cada atleta, entrenador y familia presente.<\/p>\n\n\n\n<p>Gerardo Carmona, joven judoca de Nuevo Le\u00f3n, quien con gran determinaci\u00f3n conquist\u00f3 la medalla de oro en la categor\u00eda de 48 kg destac\u00f3 la organizaci\u00f3n y espacio habilitado para las competencias, pues son parte fundamental.<\/p>\n\n\n\n<p>Con 10 a\u00f1os de dedicaci\u00f3n al judo, Gerardo expres\u00f3 que este triunfo representa el fruto de a\u00f1os de sacrificios: \u201cSe siente bien ganar, porque todo el esfuerzo lo vale.\u201d Entre entrenamientos exigentes y una vida llena de disciplina, el joven destac\u00f3 que lo m\u00e1s importante para un judoca no es solo la t\u00e9cnica, sino la actitud, la motivaci\u00f3n y el control de la respiraci\u00f3n, elementos clave en su victoria.<\/p>\n\n\n\n<p>Gerardo dedic\u00f3 su medalla a su entrenador y al abuelo de \u00e9ste, mostrando no solo su agradecimiento, sino tambi\u00e9n el profundo lazo emocional que une a atletas y entrenadores en esta disciplina. \u201cEl judo me ha ense\u00f1ado el respeto y la motivaci\u00f3n\u201d, afirm\u00f3 al recordar todo lo que ha aprendido en esta d\u00e9cada de pr\u00e1ctica.<\/p>\n\n\n\n<p>Mientras, Cristian Rivera Alonso, entrenador del equipo de Yucat\u00e1n, destac\u00f3 el alto nivel de competencia y la excelente organizaci\u00f3n del evento en Tlaxcala.<\/p>\n\n\n\n<p>Adem\u00e1s, calific\u00f3 como &#8220;muy bello el estado, no hab\u00eda estado aqu\u00ed antes, pero, est\u00e1 muy bonito y el hotel c\u00f3modo&#8221;.<\/p>\n\n\n\n<p>Relat\u00f3 que dos de sus atletas obtuvieron medallas de oro; Sebasti\u00e1n Castro y Emiliano N\u00e1jera.<\/p>\n\n\n\n<p>Con una trayectoria iniciada en Cuba y desde 2017 al frente de los equipos juveniles yucatecos, Rivera dijo que \u201cel judo lo exige todo: fuerza, velocidad, resistencia, flexibilidad, pero, sobre todo, concentraci\u00f3n. Ayer uno de nuestros atletas perdi\u00f3 su primer combate, pero logr\u00f3 recomponerse y ganar la final. Esa es la magia del judo\u201d.<\/p>\n\n\n\n<p>Adem\u00e1s, enfatiz\u00f3 que el judo no solo forma atletas, sino personas con valores s\u00f3lidos, ya que ense\u00f1a amistad, compa\u00f1erismo y una disciplina profunda.<\/p>\n\n\n\n<p>Asegur\u00f3 que es el mejor deporte para iniciar a los ni\u00f1os en el mundo del deporte, de acuerdo con la UNESCO.<\/p>\n\n\n\n<p>Entre gritos de aliento, aplausos y la emoci\u00f3n de cada combate, el segundo d\u00eda de judo en la Olimpiada CONADE dej\u00f3 claro que este deporte no solo es t\u00e9cnica y fuerza, sino tambi\u00e9n pasi\u00f3n, entrega y una gran familia unida por el tatami. La energ\u00eda en Tlaxcala sigue en aumento y promete a\u00fan m\u00e1s emociones en los pr\u00f3ximos d\u00edas de competencia.<\/p>\n","protected":false},"excerpt":{"rendered":"<p>*El tatami vibra en Tlaxcala; atletas y entrenadores reconocen la anfitrion\u00eda del estado En el segundo d\u00eda de competencias de la disciplina de judo en la Olimpiada Nacional CONADE 2025, el ambiente en el tatami ha sido una verdadera fiesta de emociones, entrega y orgullo por parte de los atletas tlaxcaltecas y de los dem\u00e1s [&hellip;]<\/p>\n","protected":false},"author":4,"featured_media":96627,"comment_status":"open","ping_status":"open","sticky":false,"template":"","format":"standard","meta":{"om_disable_all_campaigns":false,"_monsterinsights_skip_tracking":false,"_monsterinsights_sitenote_active":false,"_monsterinsights_sitenote_note":"","_monsterinsights_sitenote_category":0,"jnews-multi-image_gallery":[],"jnews_single_post":{"format":"standard"},"jnews_primary_category":[],"footnotes":""},"categories":[1],"tags":[],"class_list":["post-96626","post","type-post","status-publish","format-standard","has-post-thumbnail","hentry","category-uncategorized"],"aioseo_notices":[],"_links":{"self":[{"href":"https:\/\/estado29.mx\/index.php?rest_route=\/wp\/v2\/posts\/96626","targetHints":{"allow":["GET"]}}],"collection":[{"href":"https:\/\/estado29.mx\/index.php?rest_route=\/wp\/v2\/posts"}],"about":[{"href":"https:\/\/estado29.mx\/index.php?rest_route=\/wp\/v2\/types\/post"}],"author":[{"embeddable":true,"href":"https:\/\/estado29.mx\/index.php?rest_route=\/wp\/v2\/users\/4"}],"replies":[{"embeddable":true,"href":"https:\/\/estado29.mx\/index.php?rest_route=%2Fwp%2Fv2%2Fcomments&post=96626"}],"version-history":[{"count":1,"href":"https:\/\/estado29.mx\/index.php?rest_route=\/wp\/v2\/posts\/96626\/revisions"}],"predecessor-version":[{"id":96628,"href":"https:\/\/estado29.mx\/index.php?rest_route=\/wp\/v2\/posts\/96626\/revisions\/96628"}],"wp:featuredmedia":[{"embeddable":true,"href":"https:\/\/estado29.mx\/index.php?rest_route=\/wp\/v2\/media\/96627"}],"wp:attachment":[{"href":"https:\/\/estado29.mx\/index.php?rest_route=%2Fwp%2Fv2%2Fmedia&parent=96626"}],"wp:term":[{"taxonomy":"category","embeddable":true,"href":"https:\/\/estado29.mx\/index.php?rest_route=%2Fwp%2Fv2%2Fcategories&post=96626"},{"taxonomy":"post_tag","embeddable":true,"href":"https:\/\/estado29.mx\/index.php?rest_route=%2Fwp%2Fv2%2Ftags&post=96626"}],"curies":[{"name":"wp","href":"https:\/\/api.w.org\/{rel}","templated":true}]}}