{"id":96644,"date":"2025-06-18T18:01:50","date_gmt":"2025-06-18T18:01:50","guid":{"rendered":"https:\/\/estado29.mx\/?p=96644"},"modified":"2025-06-18T18:01:50","modified_gmt":"2025-06-18T18:01:50","slug":"inicia-restauracion-de-la-imagen-de-la-virgen-de-la-caridad-en-huamantla","status":"publish","type":"post","link":"https:\/\/estado29.mx\/?p=96644","title":{"rendered":"Inicia restauraci\u00f3n de la imagen de la Virgen de la Caridad en Huamantla."},"content":{"rendered":"\n<p>Paco Ugarte.<\/p>\n\n\n\n<p>El Presb\u00edtero Jos\u00e9 Luis D\u00edaz Silva, p\u00e1rroco de la Bas\u00edlica de la Caridad en Huamantla, anunci\u00f3 que ha dado inicio la restauraci\u00f3n de la Virgen de la Asunci\u00f3n.<\/p>\n\n\n\n<p>Conocida en Huamantla, como la Virgen de la Caridad, puntualiz\u00f3, el pasado mes de agosto del 2024, se le inform\u00f3 al cantante Carlos Rivera sobre el proceso de restauraci\u00f3n que requer\u00eda la imagen, misma que dijo apoyar\u00eda.<\/p>\n\n\n\n<p>Ante los diversos comentarios, en donde se dio a conocer que la imagen viajar\u00eda hasta Espa\u00f1a y no regresar\u00eda a la bas\u00edlica, otros como que ser\u00eda una nueva Virgen de la Caridad, el p\u00e1rroco desminti\u00f3 estas versiones.<\/p>\n\n\n\n<p>Inform\u00f3 que el restaurador y parte de su equipo viajan desde Espa\u00f1a hasta Huamantla, realizando los trabajos de restauraci\u00f3n en el propio atrio.<\/p>\n\n\n\n<p>Agradeci\u00f3 el apoyo del cantante Carlos Rivera y dem\u00e1s personas que se suman a los trabajos que se realizan, en el caso de la imagen de la Virgen de la Caridad tendr\u00e1n una duraci\u00f3n de 20 d\u00edas.<\/p>\n","protected":false},"excerpt":{"rendered":"<p>Paco Ugarte. El Presb\u00edtero Jos\u00e9 Luis D\u00edaz Silva, p\u00e1rroco de la Bas\u00edlica de la Caridad en Huamantla, anunci\u00f3 que ha dado inicio la restauraci\u00f3n de la Virgen de la Asunci\u00f3n. Conocida en Huamantla, como la Virgen de la Caridad, puntualiz\u00f3, el pasado mes de agosto del 2024, se le inform\u00f3 al cantante Carlos Rivera sobre [&hellip;]<\/p>\n","protected":false},"author":5,"featured_media":96645,"comment_status":"open","ping_status":"open","sticky":false,"template":"","format":"standard","meta":{"om_disable_all_campaigns":false,"_monsterinsights_skip_tracking":false,"_monsterinsights_sitenote_active":false,"_monsterinsights_sitenote_note":"","_monsterinsights_sitenote_category":0,"jnews-multi-image_gallery":[],"jnews_single_post":{"format":"standard"},"jnews_primary_category":[],"footnotes":""},"categories":[1],"tags":[],"class_list":["post-96644","post","type-post","status-publish","format-standard","has-post-thumbnail","hentry","category-uncategorized"],"aioseo_notices":[],"_links":{"self":[{"href":"https:\/\/estado29.mx\/index.php?rest_route=\/wp\/v2\/posts\/96644","targetHints":{"allow":["GET"]}}],"collection":[{"href":"https:\/\/estado29.mx\/index.php?rest_route=\/wp\/v2\/posts"}],"about":[{"href":"https:\/\/estado29.mx\/index.php?rest_route=\/wp\/v2\/types\/post"}],"author":[{"embeddable":true,"href":"https:\/\/estado29.mx\/index.php?rest_route=\/wp\/v2\/users\/5"}],"replies":[{"embeddable":true,"href":"https:\/\/estado29.mx\/index.php?rest_route=%2Fwp%2Fv2%2Fcomments&post=96644"}],"version-history":[{"count":1,"href":"https:\/\/estado29.mx\/index.php?rest_route=\/wp\/v2\/posts\/96644\/revisions"}],"predecessor-version":[{"id":96646,"href":"https:\/\/estado29.mx\/index.php?rest_route=\/wp\/v2\/posts\/96644\/revisions\/96646"}],"wp:featuredmedia":[{"embeddable":true,"href":"https:\/\/estado29.mx\/index.php?rest_route=\/wp\/v2\/media\/96645"}],"wp:attachment":[{"href":"https:\/\/estado29.mx\/index.php?rest_route=%2Fwp%2Fv2%2Fmedia&parent=96644"}],"wp:term":[{"taxonomy":"category","embeddable":true,"href":"https:\/\/estado29.mx\/index.php?rest_route=%2Fwp%2Fv2%2Fcategories&post=96644"},{"taxonomy":"post_tag","embeddable":true,"href":"https:\/\/estado29.mx\/index.php?rest_route=%2Fwp%2Fv2%2Ftags&post=96644"}],"curies":[{"name":"wp","href":"https:\/\/api.w.org\/{rel}","templated":true}]}}