{"id":96653,"date":"2025-06-18T23:21:43","date_gmt":"2025-06-18T23:21:43","guid":{"rendered":"https:\/\/estado29.mx\/?p=96653"},"modified":"2025-06-18T23:21:43","modified_gmt":"2025-06-18T23:21:43","slug":"gobierno-de-huamantla-pone-en-marcha-programa-emergente-de-bacheo-ante-afectaciones-por-lluvias","status":"publish","type":"post","link":"https:\/\/estado29.mx\/?p=96653","title":{"rendered":"Gobierno de Huamantla pone en marcha Programa Emergente de Bacheo ante afectaciones por lluvias"},"content":{"rendered":"<figure class=\"wp-block-post-featured-image\"><img loading=\"lazy\" decoding=\"async\" width=\"900\" height=\"1600\" src=\"https:\/\/estado29.mx\/wp-content\/uploads\/2025\/06\/WhatsApp-Image-2025-06-18-at-4.36.38-PM.jpeg\" class=\"attachment-post-thumbnail size-post-thumbnail wp-post-image\" alt=\"\" style=\"object-fit:cover;\" srcset=\"https:\/\/estado29.mx\/wp-content\/uploads\/2025\/06\/WhatsApp-Image-2025-06-18-at-4.36.38-PM.jpeg 900w, https:\/\/estado29.mx\/wp-content\/uploads\/2025\/06\/WhatsApp-Image-2025-06-18-at-4.36.38-PM-169x300.jpeg 169w, https:\/\/estado29.mx\/wp-content\/uploads\/2025\/06\/WhatsApp-Image-2025-06-18-at-4.36.38-PM-576x1024.jpeg 576w, https:\/\/estado29.mx\/wp-content\/uploads\/2025\/06\/WhatsApp-Image-2025-06-18-at-4.36.38-PM-768x1365.jpeg 768w, https:\/\/estado29.mx\/wp-content\/uploads\/2025\/06\/WhatsApp-Image-2025-06-18-at-4.36.38-PM-864x1536.jpeg 864w, https:\/\/estado29.mx\/wp-content\/uploads\/2025\/06\/WhatsApp-Image-2025-06-18-at-4.36.38-PM-750x1333.jpeg 750w\" sizes=\"auto, (max-width: 900px) 100vw, 900px\" \/><\/figure>\n\n\n<p>El Gobierno Municipal de Huamantla, que encabeza Salvador Santos Cedillo, a trav\u00e9s de la Direcci\u00f3n de Obras P\u00fablicas a cargo de la Ing. Tania D\u00edaz Flores, ha puesto en marcha un Programa Emergente de Bacheo, con el objetivo de atender de manera inmediata las afectaciones provocadas por las recientes lluvias en distintas vialidades del municipio.<\/p>\n\n\n\n<p>Este programa contempla la rehabilitaci\u00f3n de calles con alta afluencia vehicular, iniciando los trabajos en la calle Prolongaci\u00f3n de Hidalgo, y posteriormente en las calles Narciso Mendoza y Morelos, donde se han identificado da\u00f1os importantes en el pavimento.<\/p>\n\n\n\n<p>En esta \u00faltima vialidad se registr\u00f3 la formaci\u00f3n de un socav\u00f3n, el cual ya ha sido rellenado de forma preventiva para evitar accidentes y garantizar la seguridad de las y los conductores.<\/p>\n\n\n\n<p>Se solicita a la ciudadan\u00eda su comprensi\u00f3n y colaboraci\u00f3n, ya que el tr\u00e1nsito vehicular ser\u00e1 intermitente mientras se desarrollan estas labores, mismas que buscan mejorar las condiciones de movilidad en beneficio de todas y todos.<\/p>\n\n\n\n<p>Cabe destacar que existe total voluntad por parte de esta administraci\u00f3n municipal para avanzar hasta completar el bacheo en las principales vialidades de Huamantla, con la intenci\u00f3n de brindar calles m\u00e1s seguras, funcionales y duraderas para quienes transitan diariamente por ellas.<\/p>\n\n\n\n<p>El Gobierno Municipal de Huamantla continuar\u00e1 atendiendo los reportes ciudadanos y fortaleciendo las acciones que ayuden a mantener en buen estado la infraestructura vial del municipio.<\/p>\n","protected":false},"excerpt":{"rendered":"<p>El Gobierno Municipal de Huamantla, que encabeza Salvador Santos Cedillo, a trav\u00e9s de la Direcci\u00f3n de Obras P\u00fablicas a cargo de la Ing. Tania D\u00edaz Flores, ha puesto en marcha un Programa Emergente de Bacheo, con el objetivo de atender de manera inmediata las afectaciones provocadas por las recientes lluvias en distintas vialidades del municipio. [&hellip;]<\/p>\n","protected":false},"author":9,"featured_media":96654,"comment_status":"open","ping_status":"open","sticky":false,"template":"","format":"standard","meta":{"om_disable_all_campaigns":false,"_monsterinsights_skip_tracking":false,"_monsterinsights_sitenote_active":false,"_monsterinsights_sitenote_note":"","_monsterinsights_sitenote_category":0,"jnews-multi-image_gallery":[],"jnews_single_post":{"format":"standard"},"jnews_primary_category":[],"footnotes":""},"categories":[1],"tags":[],"class_list":["post-96653","post","type-post","status-publish","format-standard","has-post-thumbnail","hentry","category-uncategorized"],"aioseo_notices":[],"_links":{"self":[{"href":"https:\/\/estado29.mx\/index.php?rest_route=\/wp\/v2\/posts\/96653","targetHints":{"allow":["GET"]}}],"collection":[{"href":"https:\/\/estado29.mx\/index.php?rest_route=\/wp\/v2\/posts"}],"about":[{"href":"https:\/\/estado29.mx\/index.php?rest_route=\/wp\/v2\/types\/post"}],"author":[{"embeddable":true,"href":"https:\/\/estado29.mx\/index.php?rest_route=\/wp\/v2\/users\/9"}],"replies":[{"embeddable":true,"href":"https:\/\/estado29.mx\/index.php?rest_route=%2Fwp%2Fv2%2Fcomments&post=96653"}],"version-history":[{"count":1,"href":"https:\/\/estado29.mx\/index.php?rest_route=\/wp\/v2\/posts\/96653\/revisions"}],"predecessor-version":[{"id":96655,"href":"https:\/\/estado29.mx\/index.php?rest_route=\/wp\/v2\/posts\/96653\/revisions\/96655"}],"wp:featuredmedia":[{"embeddable":true,"href":"https:\/\/estado29.mx\/index.php?rest_route=\/wp\/v2\/media\/96654"}],"wp:attachment":[{"href":"https:\/\/estado29.mx\/index.php?rest_route=%2Fwp%2Fv2%2Fmedia&parent=96653"}],"wp:term":[{"taxonomy":"category","embeddable":true,"href":"https:\/\/estado29.mx\/index.php?rest_route=%2Fwp%2Fv2%2Fcategories&post=96653"},{"taxonomy":"post_tag","embeddable":true,"href":"https:\/\/estado29.mx\/index.php?rest_route=%2Fwp%2Fv2%2Ftags&post=96653"}],"curies":[{"name":"wp","href":"https:\/\/api.w.org\/{rel}","templated":true}]}}