{"id":96666,"date":"2025-06-18T23:37:15","date_gmt":"2025-06-18T23:37:15","guid":{"rendered":"https:\/\/estado29.mx\/?p=96666"},"modified":"2025-06-18T23:37:15","modified_gmt":"2025-06-18T23:37:15","slug":"presidenta-claudia-sheinbaum-el-corredor-interoceanico-es-un-proyecto-de-mucha-importancia-para-el-desarrollo-economico-del-pais-y-un-reconocimiento-de-lo-que-significa-el-sureste","status":"publish","type":"post","link":"https:\/\/estado29.mx\/?p=96666","title":{"rendered":"PRESIDENTA CLAUDIA SHEINBAUM: EL CORREDOR INTEROCE\u00c1NICO ES UN PROYECTO DE MUCHA IMPORTANCIA PARA EL DESARROLLO ECON\u00d3MICO DEL PA\u00cdS Y UN RECONOCIMIENTO DE LO QUE SIGNIFICA EL SURESTE"},"content":{"rendered":"<figure class=\"wp-block-post-featured-image\"><img loading=\"lazy\" decoding=\"async\" width=\"1066\" height=\"1600\" src=\"https:\/\/estado29.mx\/wp-content\/uploads\/2025\/06\/WhatsApp-Image-2025-06-18-at-9.24.08-AM.jpeg\" class=\"attachment-post-thumbnail size-post-thumbnail wp-post-image\" alt=\"\" style=\"object-fit:cover;\" srcset=\"https:\/\/estado29.mx\/wp-content\/uploads\/2025\/06\/WhatsApp-Image-2025-06-18-at-9.24.08-AM.jpeg 1066w, https:\/\/estado29.mx\/wp-content\/uploads\/2025\/06\/WhatsApp-Image-2025-06-18-at-9.24.08-AM-200x300.jpeg 200w, https:\/\/estado29.mx\/wp-content\/uploads\/2025\/06\/WhatsApp-Image-2025-06-18-at-9.24.08-AM-682x1024.jpeg 682w, https:\/\/estado29.mx\/wp-content\/uploads\/2025\/06\/WhatsApp-Image-2025-06-18-at-9.24.08-AM-768x1153.jpeg 768w, https:\/\/estado29.mx\/wp-content\/uploads\/2025\/06\/WhatsApp-Image-2025-06-18-at-9.24.08-AM-1023x1536.jpeg 1023w, https:\/\/estado29.mx\/wp-content\/uploads\/2025\/06\/WhatsApp-Image-2025-06-18-at-9.24.08-AM-750x1126.jpeg 750w\" sizes=\"auto, (max-width: 1066px) 100vw, 1066px\" \/><\/figure>\n\n\n<ul class=\"wp-block-list\">\n<li>\u201cEs una alternativa al Canal de Panam\u00e1 y en la medida en que vaya aumentando la carga en esa medida se va a ir incrementado la movilidad\u201d, destac\u00f3<\/li>\n\n\n\n<li>Es una herramienta para generar empleo, desarrollo y bienestar, resalt\u00f3 el director general del Corredor Interoce\u00e1nico<\/li>\n<\/ul>\n\n\n\n<p>Ciudad de M\u00e9xico, 18 de junio de 2025.- La Presidenta de M\u00e9xico, Claudia Sheinbaum Pardo, destac\u00f3 que el Corredor Interoce\u00e1nico del Istmo de Tehuantepec es un proyecto que aporta al desarrollo econ\u00f3mico de todo el pa\u00eds, adem\u00e1s de que es un reconocimiento al sureste mexicano.<\/p>\n\n\n\n<p>\u201cEs una obra muy importante. El sureste es la zona, la regi\u00f3n, o era la zona menos conectada, tanto para pasajeros como para carga. Ahora, el Interoce\u00e1nico no solamente es una conectividad entre Veracruz y Oaxaca, sino que permite la conectividad entre el Pac\u00edfico y el Atl\u00e1ntico, es una alternativa al canal de Panam\u00e1. Y en la medida en que vaya aumentando la carga, en esa medida todav\u00eda se va a ir incrementando la movilidad&#8221;.<\/p>\n\n\n\n<p>\u201cEntonces, este es un Polo de Desarrollo para todo el pa\u00eds, no solamente para el sureste. Y luego, las otras conectividades, que son sumamente importantes\u201d, puntualiz\u00f3 en la conferencia matutina: \u201cLas ma\u00f1aneras del pueblo\u201d.<\/p>\n\n\n\n<p>Expuso que, adem\u00e1s este corredor llegar\u00e1 a Guatemala a trav\u00e9s de su l\u00ednea K, para ello se est\u00e1 en pl\u00e1ticas con el gobierno de este pa\u00eds.<\/p>\n\n\n\n<p>El director general del Corredor Interoce\u00e1nico del Istmo de Tehuantepec, Octavio S\u00e1nchez Guill\u00e9n, resalt\u00f3 que el proyecto a su cargo ya est\u00e1 en operaci\u00f3n como una nueva v\u00eda para el comercio mundial, y sobre todo, como una herramienta para generar empleo, desarrollo y bienestar.<\/p>\n\n\n\n<p>\u201cHace m\u00e1s de 100 a\u00f1os surgi\u00f3 el sue\u00f1o de unir el oc\u00e9ano Pac\u00edfico con el Atl\u00e1ntico a trav\u00e9s del Istmo de Tehuantepec. Hoy este sue\u00f1o es una realidad\u201d, agreg\u00f3.<\/p>\n\n\n\n<p>Inform\u00f3 que el Corredor Interoce\u00e1nico cuenta con mil 200 kil\u00f3metros (km) de v\u00edas rehabilitadas, adem\u00e1s de que se construyen 30 laderos, ocho patios de trasvase, 41 estaciones y mil 583 obras de drenaje.<\/p>\n\n\n\n<p>Destac\u00f3 que la L\u00ednea Z, que se encuentra operativa desde diciembre del 2023 se renovaron 308.5 km de v\u00eda, se construyeron siete laderos, tres patios de trasvase, 16 estaciones, 82 puentes y 290 obras de drenaje. Mientras que en la L\u00ednea FA, opera desde septiembre de 2024 en 330.45 km de v\u00edas, 11 estaciones, nueve laderos, 91 puentes, dos patios de trasvase, 667 obras de drenaje. Entre estas dos l\u00edneas se ha transportado a 108 mil 506 pasajeros y 514 mil 303 toneladas de carga.<\/p>\n","protected":false},"excerpt":{"rendered":"<p>Ciudad de M\u00e9xico, 18 de junio de 2025.- La Presidenta de M\u00e9xico, Claudia Sheinbaum Pardo, destac\u00f3 que el Corredor Interoce\u00e1nico del Istmo de Tehuantepec es un proyecto que aporta al desarrollo econ\u00f3mico de todo el pa\u00eds, adem\u00e1s de que es un reconocimiento al sureste mexicano. \u201cEs una obra muy importante. El sureste es la zona, [&hellip;]<\/p>\n","protected":false},"author":9,"featured_media":96667,"comment_status":"open","ping_status":"open","sticky":false,"template":"","format":"standard","meta":{"om_disable_all_campaigns":false,"_monsterinsights_skip_tracking":false,"_monsterinsights_sitenote_active":false,"_monsterinsights_sitenote_note":"","_monsterinsights_sitenote_category":0,"jnews-multi-image_gallery":[],"jnews_single_post":{"format":"standard"},"jnews_primary_category":[],"footnotes":""},"categories":[1],"tags":[],"class_list":["post-96666","post","type-post","status-publish","format-standard","has-post-thumbnail","hentry","category-uncategorized"],"aioseo_notices":[],"_links":{"self":[{"href":"https:\/\/estado29.mx\/index.php?rest_route=\/wp\/v2\/posts\/96666","targetHints":{"allow":["GET"]}}],"collection":[{"href":"https:\/\/estado29.mx\/index.php?rest_route=\/wp\/v2\/posts"}],"about":[{"href":"https:\/\/estado29.mx\/index.php?rest_route=\/wp\/v2\/types\/post"}],"author":[{"embeddable":true,"href":"https:\/\/estado29.mx\/index.php?rest_route=\/wp\/v2\/users\/9"}],"replies":[{"embeddable":true,"href":"https:\/\/estado29.mx\/index.php?rest_route=%2Fwp%2Fv2%2Fcomments&post=96666"}],"version-history":[{"count":1,"href":"https:\/\/estado29.mx\/index.php?rest_route=\/wp\/v2\/posts\/96666\/revisions"}],"predecessor-version":[{"id":96668,"href":"https:\/\/estado29.mx\/index.php?rest_route=\/wp\/v2\/posts\/96666\/revisions\/96668"}],"wp:featuredmedia":[{"embeddable":true,"href":"https:\/\/estado29.mx\/index.php?rest_route=\/wp\/v2\/media\/96667"}],"wp:attachment":[{"href":"https:\/\/estado29.mx\/index.php?rest_route=%2Fwp%2Fv2%2Fmedia&parent=96666"}],"wp:term":[{"taxonomy":"category","embeddable":true,"href":"https:\/\/estado29.mx\/index.php?rest_route=%2Fwp%2Fv2%2Fcategories&post=96666"},{"taxonomy":"post_tag","embeddable":true,"href":"https:\/\/estado29.mx\/index.php?rest_route=%2Fwp%2Fv2%2Ftags&post=96666"}],"curies":[{"name":"wp","href":"https:\/\/api.w.org\/{rel}","templated":true}]}}