{"id":96690,"date":"2025-06-19T13:59:55","date_gmt":"2025-06-19T13:59:55","guid":{"rendered":"https:\/\/estado29.mx\/?p=96690"},"modified":"2025-06-19T13:59:57","modified_gmt":"2025-06-19T13:59:57","slug":"llama-gobernadora-al-poder-judicial-a-ejercer-su-labor-con-vocacion-altura-moral-y-compromiso-ciudadano","status":"publish","type":"post","link":"https:\/\/estado29.mx\/?p=96690","title":{"rendered":"Llama gobernadora al poder judicial a ejercer su labor con vocaci\u00f3n, altura moral y compromiso ciudadano"},"content":{"rendered":"\n<p><\/p>\n\n\n\n<p>*La mandataria Lorena Cu\u00e9llar acudi\u00f3 como invitada especial a la inauguraci\u00f3n de la nueva sala de oralidad del Distrito Judicial de Zaragoza, en el municipio de Zacatelco<\/p>\n\n\n\n<p>\u201cDespu\u00e9s de la elecci\u00f3n hist\u00f3rica del 1 de junio, el Poder Judicial tiene ante s\u00ed una responsabilidad que no admite titubeos. Es tiempo de altura moral, de car\u00e1cter y de un profundo amor por el servicio al pueblo\u201d, afirm\u00f3 la gobernadora Lorena Cu\u00e9llar Cisneros al acudir a la inauguraci\u00f3n de la nueva Sala de Oralidad del Distrito Judicial de Zaragoza, en el municipio de Zacatelco.<\/p>\n\n\n\n<p>En su mensaje, la mandataria estatal llam\u00f3 a juezas, jueces, magistradas y magistrados que fueron electos por el pueblo a honrar su investidura y a trabajar para que su labor impacte la vida cotidiana de las personas.<\/p>\n\n\n\n<p>\u201cLes hago un respetuoso llamado para que su trabajo se sienta en lo cotidiano, en la vida de cada persona que entra con incertidumbre, pero debe salir con esperanza. Que esa sea nuestra medida\u201d, destac\u00f3.<\/p>\n\n\n\n<p>La gobernadora Lorena Cu\u00e9llar, quien acudi\u00f3 como invitada especial, se\u00f1al\u00f3 que este acto tambi\u00e9n marca el inicio de una nueva etapa para el Sistema Judicial en Tlaxcala, que contempla la construcci\u00f3n de un total de 16 salas de oralidad, que son resultado de los ahorros que logr\u00f3 el Tribunal Superior de Justicia del Estado y las inversiones que realiza la administraci\u00f3n estatal.<\/p>\n\n\n\n<p>\u201cHoy estamos aqu\u00ed porque creemos en la justicia y en la gente, porque sabemos que cuando se construye un espacio como este, tambi\u00e9n se construye la confianza. Esta nueva sala de oralidad nace del compromiso de que las y los tlaxcaltecas encuentren respuestas, que sean escuchados y tratados con respeto\u201d, asegur\u00f3.<\/p>\n\n\n\n<p>Durante la inauguraci\u00f3n de esta nueva infraestructura judicial en el sur del estado, la gobernadora resalt\u00f3 que estas obras representan una apuesta estrat\u00e9gica hacia el futuro de la justicia en Tlaxcala y contribuyen a consolidar un sistema m\u00e1s moderno, humano y cercano al pueblo.<\/p>\n\n\n\n<p>Los nuevos espacios permitir\u00e1n al Poder Judicial estar preparado para la implementaci\u00f3n del nuevo C\u00f3digo Nacional de Procedimientos Civiles y Familiares, cuya entrada en vigor est\u00e1 prevista para abril de 2027.<\/p>\n\n\n\n<p>En su intervenci\u00f3n, la magistrada Anel Meneses Ba\u00f1uelos, presidenta del Tribunal Superior de Justicia y del Consejo de la Judicatura, reconoci\u00f3 p\u00fablicamente a la gobernadora Lorena Cu\u00e9llar Cisneros por su constante respaldo al Poder Judicial y su compromiso con el acceso pleno a la justicia.<\/p>\n\n\n\n<p>Meneses Ba\u00f1uelos defini\u00f3 a la mandataria estatal como aliada incondicional de la justicia, destacando su visi\u00f3n clara y firme compromiso como elementos imprescindibles para la transformaci\u00f3n de este poder.<\/p>\n\n\n\n<p>\u201cGobernadora, su compromiso con Tlaxcala y con esta instituci\u00f3n ha sido decisivo. Hoy quiero informar que, gracias a su gesti\u00f3n, se construir\u00e1n 16 nuevas salas de oralidad en Ciudad Judicial. Es un hecho sin precedente que marcar\u00e1 profundamente nuestro futuro institucional\u201d, puntualiz\u00f3.<\/p>\n\n\n\n<p>Asimismo, dio a conocer que la nueva sala est\u00e1 equipada con tecnolog\u00eda de vanguardia y forma parte del cumplimiento del eje rector n\u00famero dos del Plan Estrat\u00e9gico del Poder Judicial 2024-2026, enfocado en la modernizaci\u00f3n e innovaci\u00f3n de la administraci\u00f3n de justicia.<\/p>\n\n\n\n<p>\u201cEste avance no solo transforma el entorno f\u00edsico, sino tambi\u00e9n los mecanismos y pr\u00e1cticas cotidianas del Poder Judicial, con el objetivo de brindar un servicio m\u00e1s digno, eficiente y cercano\u201d, a\u00f1adi\u00f3.<\/p>\n\n\n\n<p>Como parte de esta renovaci\u00f3n, las nueva Sala de Oralidad del Distrito Judicial de Zaragoza tambi\u00e9n albergar\u00e1n un Centro de Convivencia Familiar completamente nuevo, el cual se prev\u00e9 est\u00e9 concluido en 2026.<\/p>\n\n\n\n<p>Al evento asistieron el diputado local, Emilio de la Pe\u00f1a Aponte; la jueza del Juzgado Familiar, Danielvira Ram\u00edrez Jim\u00e9nez; la jueza de Juzgado Civil, Laura Marcela Ramos Vela; as\u00ed como magistrados, consejeros e integrantes de barras de abogados del estado.<\/p>\n","protected":false},"excerpt":{"rendered":"<p>*La mandataria Lorena Cu\u00e9llar acudi\u00f3 como invitada especial a la inauguraci\u00f3n de la nueva sala de oralidad del Distrito Judicial de Zaragoza, en el municipio de Zacatelco \u201cDespu\u00e9s de la elecci\u00f3n hist\u00f3rica del 1 de junio, el Poder Judicial tiene ante s\u00ed una responsabilidad que no admite titubeos. Es tiempo de altura moral, de car\u00e1cter [&hellip;]<\/p>\n","protected":false},"author":4,"featured_media":96691,"comment_status":"open","ping_status":"open","sticky":false,"template":"","format":"standard","meta":{"om_disable_all_campaigns":false,"_monsterinsights_skip_tracking":false,"_monsterinsights_sitenote_active":false,"_monsterinsights_sitenote_note":"","_monsterinsights_sitenote_category":0,"jnews-multi-image_gallery":[],"jnews_single_post":{"format":"standard"},"jnews_primary_category":[],"footnotes":""},"categories":[1],"tags":[],"class_list":["post-96690","post","type-post","status-publish","format-standard","has-post-thumbnail","hentry","category-uncategorized"],"aioseo_notices":[],"_links":{"self":[{"href":"https:\/\/estado29.mx\/index.php?rest_route=\/wp\/v2\/posts\/96690","targetHints":{"allow":["GET"]}}],"collection":[{"href":"https:\/\/estado29.mx\/index.php?rest_route=\/wp\/v2\/posts"}],"about":[{"href":"https:\/\/estado29.mx\/index.php?rest_route=\/wp\/v2\/types\/post"}],"author":[{"embeddable":true,"href":"https:\/\/estado29.mx\/index.php?rest_route=\/wp\/v2\/users\/4"}],"replies":[{"embeddable":true,"href":"https:\/\/estado29.mx\/index.php?rest_route=%2Fwp%2Fv2%2Fcomments&post=96690"}],"version-history":[{"count":1,"href":"https:\/\/estado29.mx\/index.php?rest_route=\/wp\/v2\/posts\/96690\/revisions"}],"predecessor-version":[{"id":96692,"href":"https:\/\/estado29.mx\/index.php?rest_route=\/wp\/v2\/posts\/96690\/revisions\/96692"}],"wp:featuredmedia":[{"embeddable":true,"href":"https:\/\/estado29.mx\/index.php?rest_route=\/wp\/v2\/media\/96691"}],"wp:attachment":[{"href":"https:\/\/estado29.mx\/index.php?rest_route=%2Fwp%2Fv2%2Fmedia&parent=96690"}],"wp:term":[{"taxonomy":"category","embeddable":true,"href":"https:\/\/estado29.mx\/index.php?rest_route=%2Fwp%2Fv2%2Fcategories&post=96690"},{"taxonomy":"post_tag","embeddable":true,"href":"https:\/\/estado29.mx\/index.php?rest_route=%2Fwp%2Fv2%2Ftags&post=96690"}],"curies":[{"name":"wp","href":"https:\/\/api.w.org\/{rel}","templated":true}]}}