{"id":96711,"date":"2025-06-19T19:03:57","date_gmt":"2025-06-19T19:03:57","guid":{"rendered":"https:\/\/estado29.mx\/?p=96711"},"modified":"2025-06-19T19:03:57","modified_gmt":"2025-06-19T19:03:57","slug":"gobierno-de-huamantla-emite-recomendaciones-preventivas-ante-temporada-de-lluvias","status":"publish","type":"post","link":"https:\/\/estado29.mx\/?p=96711","title":{"rendered":"Gobierno de Huamantla emite recomendaciones preventivas ante temporada de lluvias"},"content":{"rendered":"<figure class=\"wp-block-post-featured-image\"><img loading=\"lazy\" decoding=\"async\" width=\"2560\" height=\"2560\" src=\"https:\/\/estado29.mx\/wp-content\/uploads\/2025\/06\/WhatsApp-Image-2025-06-18-at-7.04.30-PM-scaled.jpeg\" class=\"attachment-post-thumbnail size-post-thumbnail wp-post-image\" alt=\"\" style=\"object-fit:cover;\" srcset=\"https:\/\/estado29.mx\/wp-content\/uploads\/2025\/06\/WhatsApp-Image-2025-06-18-at-7.04.30-PM-scaled.jpeg 2560w, https:\/\/estado29.mx\/wp-content\/uploads\/2025\/06\/WhatsApp-Image-2025-06-18-at-7.04.30-PM-300x300.jpeg 300w, https:\/\/estado29.mx\/wp-content\/uploads\/2025\/06\/WhatsApp-Image-2025-06-18-at-7.04.30-PM-1024x1024.jpeg 1024w, https:\/\/estado29.mx\/wp-content\/uploads\/2025\/06\/WhatsApp-Image-2025-06-18-at-7.04.30-PM-150x150.jpeg 150w, https:\/\/estado29.mx\/wp-content\/uploads\/2025\/06\/WhatsApp-Image-2025-06-18-at-7.04.30-PM-768x768.jpeg 768w, https:\/\/estado29.mx\/wp-content\/uploads\/2025\/06\/WhatsApp-Image-2025-06-18-at-7.04.30-PM-1536x1536.jpeg 1536w, https:\/\/estado29.mx\/wp-content\/uploads\/2025\/06\/WhatsApp-Image-2025-06-18-at-7.04.30-PM-2048x2048.jpeg 2048w, https:\/\/estado29.mx\/wp-content\/uploads\/2025\/06\/WhatsApp-Image-2025-06-18-at-7.04.30-PM-75x75.jpeg 75w, https:\/\/estado29.mx\/wp-content\/uploads\/2025\/06\/WhatsApp-Image-2025-06-18-at-7.04.30-PM-350x350.jpeg 350w, https:\/\/estado29.mx\/wp-content\/uploads\/2025\/06\/WhatsApp-Image-2025-06-18-at-7.04.30-PM-750x750.jpeg 750w, https:\/\/estado29.mx\/wp-content\/uploads\/2025\/06\/WhatsApp-Image-2025-06-18-at-7.04.30-PM-1140x1140.jpeg 1140w\" sizes=\"auto, (max-width: 2560px) 100vw, 2560px\" \/><\/figure>\n\n\n<p>Con la finalidad de salvaguardar la integridad de las familias huamantlecas ante la temporada de lluvias, el Gobierno Municipal de Huamantla exhorta a la poblaci\u00f3n a tomar medidas de prevenci\u00f3n y mantenerse atenta a los avisos de Protecci\u00f3n Civil y autoridades competentes. El Gobierno municipal destaca que la prevenci\u00f3n marca la diferencia, por ello emite las siguientes recomendaciones:<\/p>\n\n\n\n<p>Utilizar paraguas o impermeable al salir de casa.<\/p>\n\n\n\n<p>Realizar limpieza de techos y azoteas para evitar acumulaci\u00f3n de agua.<\/p>\n\n\n\n<p>Barrer banquetas y mantener coladeras libres de basura.<\/p>\n\n\n\n<p>Desconectar fuentes de energ\u00eda el\u00e9ctrica en caso de ingreso de agua al hogar.<\/p>\n\n\n\n<p>En caso de r\u00e1fagas de viento, alejarse de \u00e1rboles, muros y cables de luz.<\/p>\n\n\n\n<p>Evitar refugiarse bajo los \u00e1rboles, ya que pueden atraer descargas el\u00e9ctricas.<\/p>\n\n\n\n<p>Si se conduce, hacerlo a velocidad moderada y con luces encendidas.<\/p>\n\n\n\n<p>Tener a la mano linterna, radio y bater\u00edas por si se presenta un corte de energ\u00eda.<\/p>\n\n\n\n<p>Adem\u00e1s, se recuerda a la poblaci\u00f3n que ante cualquier situaci\u00f3n de riesgo o emergencia, puede comunicarse a los n\u00fameros habilitados:<\/p>\n\n\n\n<p>\ud83d\udcde 247 472 0047<br>\ud83d\udcde 276 136 4598<br>\ud83d\udcde 247 472 2076<br>\ud83d\udcde 241 137 2620<\/p>\n\n\n\n<p>El Gobierno Municipal de Huamantla continuar\u00e1 emitiendo informaci\u00f3n oportuna y realizando acciones preventivas para enfrentar esta temporada de manera segura y organizada.<\/p>\n","protected":false},"excerpt":{"rendered":"<p>Con la finalidad de salvaguardar la integridad de las familias huamantlecas ante la temporada de lluvias, el Gobierno Municipal de Huamantla exhorta a la poblaci\u00f3n a tomar medidas de prevenci\u00f3n y mantenerse atenta a los avisos de Protecci\u00f3n Civil y autoridades competentes. El Gobierno municipal destaca que la prevenci\u00f3n marca la diferencia, por ello emite [&hellip;]<\/p>\n","protected":false},"author":9,"featured_media":96712,"comment_status":"open","ping_status":"open","sticky":false,"template":"","format":"standard","meta":{"om_disable_all_campaigns":false,"_monsterinsights_skip_tracking":false,"_monsterinsights_sitenote_active":false,"_monsterinsights_sitenote_note":"","_monsterinsights_sitenote_category":0,"jnews-multi-image_gallery":[],"jnews_single_post":{"format":"standard"},"jnews_primary_category":[],"footnotes":""},"categories":[1],"tags":[],"class_list":["post-96711","post","type-post","status-publish","format-standard","has-post-thumbnail","hentry","category-uncategorized"],"aioseo_notices":[],"_links":{"self":[{"href":"https:\/\/estado29.mx\/index.php?rest_route=\/wp\/v2\/posts\/96711","targetHints":{"allow":["GET"]}}],"collection":[{"href":"https:\/\/estado29.mx\/index.php?rest_route=\/wp\/v2\/posts"}],"about":[{"href":"https:\/\/estado29.mx\/index.php?rest_route=\/wp\/v2\/types\/post"}],"author":[{"embeddable":true,"href":"https:\/\/estado29.mx\/index.php?rest_route=\/wp\/v2\/users\/9"}],"replies":[{"embeddable":true,"href":"https:\/\/estado29.mx\/index.php?rest_route=%2Fwp%2Fv2%2Fcomments&post=96711"}],"version-history":[{"count":1,"href":"https:\/\/estado29.mx\/index.php?rest_route=\/wp\/v2\/posts\/96711\/revisions"}],"predecessor-version":[{"id":96713,"href":"https:\/\/estado29.mx\/index.php?rest_route=\/wp\/v2\/posts\/96711\/revisions\/96713"}],"wp:featuredmedia":[{"embeddable":true,"href":"https:\/\/estado29.mx\/index.php?rest_route=\/wp\/v2\/media\/96712"}],"wp:attachment":[{"href":"https:\/\/estado29.mx\/index.php?rest_route=%2Fwp%2Fv2%2Fmedia&parent=96711"}],"wp:term":[{"taxonomy":"category","embeddable":true,"href":"https:\/\/estado29.mx\/index.php?rest_route=%2Fwp%2Fv2%2Fcategories&post=96711"},{"taxonomy":"post_tag","embeddable":true,"href":"https:\/\/estado29.mx\/index.php?rest_route=%2Fwp%2Fv2%2Ftags&post=96711"}],"curies":[{"name":"wp","href":"https:\/\/api.w.org\/{rel}","templated":true}]}}