{"id":96720,"date":"2025-06-19T21:19:09","date_gmt":"2025-06-19T21:19:09","guid":{"rendered":"https:\/\/estado29.mx\/?p=96720"},"modified":"2025-06-19T21:19:09","modified_gmt":"2025-06-19T21:19:09","slug":"a-b4l4z0s-m4t4n-a-un-hombre-en-tequexquitla","status":"publish","type":"post","link":"https:\/\/estado29.mx\/?p=96720","title":{"rendered":"A b4l4z0s m4t4n a un hombre en Tequexquitla."},"content":{"rendered":"\n<p>Paco Ugarte.<\/p>\n\n\n\n<p>Esta tarde se recibi\u00f3 una llamada de emergencia al n\u00famero 911, para solicitar apoyo sobre la calle Perlas de Oriente en el municipio de El Carmen Tequexquitla.<\/p>\n\n\n\n<p>A trav\u00e9s del reporte que se emite, se da cuenta que logran escuchar varias detonaciones de armas de fuego al interior de un domicilio particular, del cual sale un individuo vestido de color negro.<\/p>\n\n\n\n<p>Al arribar elementos de seguridad y param\u00e9dicos valoraron a un masculino de entre 20 y 30 a\u00f1os de edad y quien en vida era conocido como \u201cranita\u201d quien presenta varios disparos por arma de fuego a la altura del rostro.<\/p>\n\n\n\n<p>Por estas heridas fue decretado sin signos vitales por lo que los elementos de seguridad procedieron a realizar el acordonamiento de la zona.<\/p>\n\n\n\n<p>Se espera el arribo del Instituto de Ciencias Forenses (INCIFO) para realizar el levantamiento de cuerpo, as\u00ed como el departamento de Homicidios Dolosos dependiente de la Fiscal\u00eda General de Justicia del Estado de Tlaxcala (FGJE) quienes abrir\u00e1n la carpeta de investigaci\u00f3n sobre estos hechos.<\/p>\n\n\n\n<p>Nuevamente Tequexquitla se viste de rojo bajo la administraci\u00f3n de Araceli Mart\u00ednez Cortez a unos d\u00edas de dar inicio a su feria anual.<\/p>\n","protected":false},"excerpt":{"rendered":"<p>Paco Ugarte. Esta tarde se recibi\u00f3 una llamada de emergencia al n\u00famero 911, para solicitar apoyo sobre la calle Perlas de Oriente en el municipio de El Carmen Tequexquitla. A trav\u00e9s del reporte que se emite, se da cuenta que logran escuchar varias detonaciones de armas de fuego al interior de un domicilio particular, del [&hellip;]<\/p>\n","protected":false},"author":5,"featured_media":96721,"comment_status":"open","ping_status":"open","sticky":false,"template":"","format":"standard","meta":{"om_disable_all_campaigns":false,"_monsterinsights_skip_tracking":false,"_monsterinsights_sitenote_active":false,"_monsterinsights_sitenote_note":"","_monsterinsights_sitenote_category":0,"jnews-multi-image_gallery":[],"jnews_single_post":{"format":"standard"},"jnews_primary_category":[],"footnotes":""},"categories":[1],"tags":[],"class_list":["post-96720","post","type-post","status-publish","format-standard","has-post-thumbnail","hentry","category-uncategorized"],"aioseo_notices":[],"_links":{"self":[{"href":"https:\/\/estado29.mx\/index.php?rest_route=\/wp\/v2\/posts\/96720","targetHints":{"allow":["GET"]}}],"collection":[{"href":"https:\/\/estado29.mx\/index.php?rest_route=\/wp\/v2\/posts"}],"about":[{"href":"https:\/\/estado29.mx\/index.php?rest_route=\/wp\/v2\/types\/post"}],"author":[{"embeddable":true,"href":"https:\/\/estado29.mx\/index.php?rest_route=\/wp\/v2\/users\/5"}],"replies":[{"embeddable":true,"href":"https:\/\/estado29.mx\/index.php?rest_route=%2Fwp%2Fv2%2Fcomments&post=96720"}],"version-history":[{"count":1,"href":"https:\/\/estado29.mx\/index.php?rest_route=\/wp\/v2\/posts\/96720\/revisions"}],"predecessor-version":[{"id":96722,"href":"https:\/\/estado29.mx\/index.php?rest_route=\/wp\/v2\/posts\/96720\/revisions\/96722"}],"wp:featuredmedia":[{"embeddable":true,"href":"https:\/\/estado29.mx\/index.php?rest_route=\/wp\/v2\/media\/96721"}],"wp:attachment":[{"href":"https:\/\/estado29.mx\/index.php?rest_route=%2Fwp%2Fv2%2Fmedia&parent=96720"}],"wp:term":[{"taxonomy":"category","embeddable":true,"href":"https:\/\/estado29.mx\/index.php?rest_route=%2Fwp%2Fv2%2Fcategories&post=96720"},{"taxonomy":"post_tag","embeddable":true,"href":"https:\/\/estado29.mx\/index.php?rest_route=%2Fwp%2Fv2%2Ftags&post=96720"}],"curies":[{"name":"wp","href":"https:\/\/api.w.org\/{rel}","templated":true}]}}