{"id":96730,"date":"2025-06-20T04:27:09","date_gmt":"2025-06-20T04:27:09","guid":{"rendered":"https:\/\/estado29.mx\/?p=96730"},"modified":"2025-06-20T04:27:09","modified_gmt":"2025-06-20T04:27:09","slug":"no-existe-ninguna-persona-facultada-para-abrir-la-bodega-donde-habran-de-llevarse-a-cabo-las-elecciones-ejidales","status":"publish","type":"post","link":"https:\/\/estado29.mx\/?p=96730","title":{"rendered":"No existe ninguna persona facultada para abrir la bodega donde habr\u00e1n de llevarse a cabo las elecciones ejidales"},"content":{"rendered":"<figure class=\"wp-block-post-featured-image\"><img loading=\"lazy\" decoding=\"async\" width=\"1280\" height=\"960\" src=\"https:\/\/estado29.mx\/wp-content\/uploads\/2025\/06\/WhatsApp-Image-2025-06-19-at-10.26.27-PM.jpeg\" class=\"attachment-post-thumbnail size-post-thumbnail wp-post-image\" alt=\"\" style=\"object-fit:cover;\" srcset=\"https:\/\/estado29.mx\/wp-content\/uploads\/2025\/06\/WhatsApp-Image-2025-06-19-at-10.26.27-PM.jpeg 1280w, https:\/\/estado29.mx\/wp-content\/uploads\/2025\/06\/WhatsApp-Image-2025-06-19-at-10.26.27-PM-300x225.jpeg 300w, https:\/\/estado29.mx\/wp-content\/uploads\/2025\/06\/WhatsApp-Image-2025-06-19-at-10.26.27-PM-1024x768.jpeg 1024w, https:\/\/estado29.mx\/wp-content\/uploads\/2025\/06\/WhatsApp-Image-2025-06-19-at-10.26.27-PM-768x576.jpeg 768w, https:\/\/estado29.mx\/wp-content\/uploads\/2025\/06\/WhatsApp-Image-2025-06-19-at-10.26.27-PM-750x563.jpeg 750w, https:\/\/estado29.mx\/wp-content\/uploads\/2025\/06\/WhatsApp-Image-2025-06-19-at-10.26.27-PM-1140x855.jpeg 1140w\" sizes=\"auto, (max-width: 1280px) 100vw, 1280px\" \/><\/figure>\n\n\n<p>Pedro Mila, quien en su momento fungi\u00f3 como secretario y Jaime Caballero quien en su momento formaron parte de la representaci\u00f3n ejidal en San Luis Huamantla, emitieron un comunicado para informar a todos los ejidatarios sobre la situaci\u00f3n actual de la representaci\u00f3n y la apertura de la *<em>bodega Impecsa<\/em>, donde generalmente se realizan las elecciones ejidales.<\/p>\n\n\n\n<p>Mila puntualiz\u00f3 que, a partir del pasado <em>8 de mayo<\/em>, concluy\u00f3 la representaci\u00f3n ejercida por el Comisariado, por lo que actualmente no existe representaci\u00f3n ejidal legalmente reconocida:<\/p>\n\n\n\n<blockquote class=\"wp-block-quote is-layout-flow wp-block-quote-is-layout-flow\">\n<p>\u201cSe establece la nulidad de nuestro cargo. Por ello, las instalaciones del ejido de San Luis Huamantla permanecen cerradas, y no existe ninguna persona facultada para abrir la bodega donde habr\u00e1n de llevarse a cabo las elecciones\u201d.<\/p>\n<\/blockquote>\n\n\n\n<p>El ex secretario puntualiz\u00f3 que esta aclaraci\u00f3n es vital para que no exista confusi\u00f3n entre los ejidatarios:<\/p>\n\n\n\n<blockquote class=\"wp-block-quote is-layout-flow wp-block-quote-is-layout-flow\">\n<p>\u201cEmitimos este comunicado para que no exista confusi\u00f3n hacia nuestra persona. Al haberse anulado nuestro cargo, no nos compete abrir la bodega, dado que actualmente no hay representantes ejidales. Es la <em>Procuradur\u00eda Agraria<\/em> la instancia responsable de determinar la situaci\u00f3n y la que emiti\u00f3 las convocatorias para las pr\u00f3ximas elecciones\u201d.<\/p>\n<\/blockquote>\n\n\n\n<p>Pedro Mila reiter\u00f3 que ser\u00e1n las autoridades correspondientes las que indiquen el procedimiento para garantizar las elecciones del <em>22 de junio<\/em> se lleve a cabo de manera legal y ordenada.<\/p>\n\n\n\n<p><\/p>\n","protected":false},"excerpt":{"rendered":"<p>Pedro Mila, quien en su momento fungi\u00f3 como secretario y Jaime Caballero quien en su momento formaron parte de la representaci\u00f3n ejidal en San Luis Huamantla, emitieron un comunicado para informar a todos los ejidatarios sobre la situaci\u00f3n actual de la representaci\u00f3n y la apertura de la *bodega Impecsa, donde generalmente se realizan las elecciones [&hellip;]<\/p>\n","protected":false},"author":9,"featured_media":96731,"comment_status":"open","ping_status":"open","sticky":false,"template":"","format":"standard","meta":{"om_disable_all_campaigns":false,"_monsterinsights_skip_tracking":false,"_monsterinsights_sitenote_active":false,"_monsterinsights_sitenote_note":"","_monsterinsights_sitenote_category":0,"jnews-multi-image_gallery":[],"jnews_single_post":{"format":"standard"},"jnews_primary_category":[],"footnotes":""},"categories":[1],"tags":[],"class_list":["post-96730","post","type-post","status-publish","format-standard","has-post-thumbnail","hentry","category-uncategorized"],"aioseo_notices":[],"_links":{"self":[{"href":"https:\/\/estado29.mx\/index.php?rest_route=\/wp\/v2\/posts\/96730","targetHints":{"allow":["GET"]}}],"collection":[{"href":"https:\/\/estado29.mx\/index.php?rest_route=\/wp\/v2\/posts"}],"about":[{"href":"https:\/\/estado29.mx\/index.php?rest_route=\/wp\/v2\/types\/post"}],"author":[{"embeddable":true,"href":"https:\/\/estado29.mx\/index.php?rest_route=\/wp\/v2\/users\/9"}],"replies":[{"embeddable":true,"href":"https:\/\/estado29.mx\/index.php?rest_route=%2Fwp%2Fv2%2Fcomments&post=96730"}],"version-history":[{"count":1,"href":"https:\/\/estado29.mx\/index.php?rest_route=\/wp\/v2\/posts\/96730\/revisions"}],"predecessor-version":[{"id":96732,"href":"https:\/\/estado29.mx\/index.php?rest_route=\/wp\/v2\/posts\/96730\/revisions\/96732"}],"wp:featuredmedia":[{"embeddable":true,"href":"https:\/\/estado29.mx\/index.php?rest_route=\/wp\/v2\/media\/96731"}],"wp:attachment":[{"href":"https:\/\/estado29.mx\/index.php?rest_route=%2Fwp%2Fv2%2Fmedia&parent=96730"}],"wp:term":[{"taxonomy":"category","embeddable":true,"href":"https:\/\/estado29.mx\/index.php?rest_route=%2Fwp%2Fv2%2Fcategories&post=96730"},{"taxonomy":"post_tag","embeddable":true,"href":"https:\/\/estado29.mx\/index.php?rest_route=%2Fwp%2Fv2%2Ftags&post=96730"}],"curies":[{"name":"wp","href":"https:\/\/api.w.org\/{rel}","templated":true}]}}