{"id":96733,"date":"2025-06-20T04:50:29","date_gmt":"2025-06-20T04:50:29","guid":{"rendered":"https:\/\/estado29.mx\/?p=96733"},"modified":"2025-06-20T04:50:29","modified_gmt":"2025-06-20T04:50:29","slug":"huamantla-se-viste-de-fe-y-devocion-en-la-celebracion-del-corpus-christi","status":"publish","type":"post","link":"https:\/\/estado29.mx\/?p=96733","title":{"rendered":"Huamantla se viste de fe y devoci\u00f3n en la celebraci\u00f3n del Corpus Christi"},"content":{"rendered":"<figure class=\"wp-block-post-featured-image\"><img loading=\"lazy\" decoding=\"async\" width=\"1280\" height=\"960\" src=\"https:\/\/estado29.mx\/wp-content\/uploads\/2025\/06\/WhatsApp-Image-2025-06-19-at-7.38.26-PM.jpeg\" class=\"attachment-post-thumbnail size-post-thumbnail wp-post-image\" alt=\"\" style=\"object-fit:cover;\" srcset=\"https:\/\/estado29.mx\/wp-content\/uploads\/2025\/06\/WhatsApp-Image-2025-06-19-at-7.38.26-PM.jpeg 1280w, https:\/\/estado29.mx\/wp-content\/uploads\/2025\/06\/WhatsApp-Image-2025-06-19-at-7.38.26-PM-300x225.jpeg 300w, https:\/\/estado29.mx\/wp-content\/uploads\/2025\/06\/WhatsApp-Image-2025-06-19-at-7.38.26-PM-1024x768.jpeg 1024w, https:\/\/estado29.mx\/wp-content\/uploads\/2025\/06\/WhatsApp-Image-2025-06-19-at-7.38.26-PM-768x576.jpeg 768w, https:\/\/estado29.mx\/wp-content\/uploads\/2025\/06\/WhatsApp-Image-2025-06-19-at-7.38.26-PM-750x563.jpeg 750w, https:\/\/estado29.mx\/wp-content\/uploads\/2025\/06\/WhatsApp-Image-2025-06-19-at-7.38.26-PM-1140x855.jpeg 1140w\" sizes=\"auto, (max-width: 1280px) 100vw, 1280px\" \/><\/figure>\n\n\n<h3 class=\"wp-block-heading\"><\/h3>\n\n\n\n<p>Este jueves, la comunidad cat\u00f3lica de Huamantla reafirm\u00f3 su fe al celebrar la <strong>festividad de Corpus Christi<\/strong>, ceremonia que honra la presencia de Cristo en la Eucarist\u00eda, donde el pan consagrado se transforma en el Cuerpo de Jes\u00fas durante cada misa.<\/p>\n\n\n\n<p>La celebraci\u00f3n dio inicio a las <strong>18:00 hrs.<\/strong> con una misa de acci\u00f3n de gracias en la <strong>Parroquia de San Luis Huamantla<\/strong>. A pesar de la lluvia, cientos de huamantlecos se dieron cita para acompa\u00f1ar esta importante tradici\u00f3n religiosa.<\/p>\n\n\n\n<p>A las <strong>19:00 hrs.<\/strong>, la procesi\u00f3n parti\u00f3 de la misma parroquia, para recorrer las principales calles del centro de la ciudad, donde fueron instalados diversos altares a lo largo del camino. El talento y la creatividad de los alfombristas locales destacaron durante la procesi\u00f3n, con hermosos tapetes de aserr\u00edn que embellecieron la ruta y reflejaron la devoci\u00f3n de la comunidad.<\/p>\n\n\n\n<p>Esta festividad representa no solo un momento de espiritualidad para los habitantes de Huamantla, sino tambi\u00e9n una tradici\u00f3n viva que fortalece la fe y la unidad de su pueblo.<\/p>\n\n\n\n<hr class=\"wp-block-separator has-alpha-channel-opacity\" \/>\n","protected":false},"excerpt":{"rendered":"<p>Este jueves, la comunidad cat\u00f3lica de Huamantla reafirm\u00f3 su fe al celebrar la festividad de Corpus Christi, ceremonia que honra la presencia de Cristo en la Eucarist\u00eda, donde el pan consagrado se transforma en el Cuerpo de Jes\u00fas durante cada misa. La celebraci\u00f3n dio inicio a las 18:00 hrs. con una misa de acci\u00f3n de [&hellip;]<\/p>\n","protected":false},"author":9,"featured_media":96734,"comment_status":"open","ping_status":"open","sticky":false,"template":"","format":"standard","meta":{"om_disable_all_campaigns":false,"_monsterinsights_skip_tracking":false,"_monsterinsights_sitenote_active":false,"_monsterinsights_sitenote_note":"","_monsterinsights_sitenote_category":0,"jnews-multi-image_gallery":[],"jnews_single_post":{"format":"standard"},"jnews_primary_category":[],"footnotes":""},"categories":[1],"tags":[],"class_list":["post-96733","post","type-post","status-publish","format-standard","has-post-thumbnail","hentry","category-uncategorized"],"aioseo_notices":[],"_links":{"self":[{"href":"https:\/\/estado29.mx\/index.php?rest_route=\/wp\/v2\/posts\/96733","targetHints":{"allow":["GET"]}}],"collection":[{"href":"https:\/\/estado29.mx\/index.php?rest_route=\/wp\/v2\/posts"}],"about":[{"href":"https:\/\/estado29.mx\/index.php?rest_route=\/wp\/v2\/types\/post"}],"author":[{"embeddable":true,"href":"https:\/\/estado29.mx\/index.php?rest_route=\/wp\/v2\/users\/9"}],"replies":[{"embeddable":true,"href":"https:\/\/estado29.mx\/index.php?rest_route=%2Fwp%2Fv2%2Fcomments&post=96733"}],"version-history":[{"count":1,"href":"https:\/\/estado29.mx\/index.php?rest_route=\/wp\/v2\/posts\/96733\/revisions"}],"predecessor-version":[{"id":96735,"href":"https:\/\/estado29.mx\/index.php?rest_route=\/wp\/v2\/posts\/96733\/revisions\/96735"}],"wp:featuredmedia":[{"embeddable":true,"href":"https:\/\/estado29.mx\/index.php?rest_route=\/wp\/v2\/media\/96734"}],"wp:attachment":[{"href":"https:\/\/estado29.mx\/index.php?rest_route=%2Fwp%2Fv2%2Fmedia&parent=96733"}],"wp:term":[{"taxonomy":"category","embeddable":true,"href":"https:\/\/estado29.mx\/index.php?rest_route=%2Fwp%2Fv2%2Fcategories&post=96733"},{"taxonomy":"post_tag","embeddable":true,"href":"https:\/\/estado29.mx\/index.php?rest_route=%2Fwp%2Fv2%2Ftags&post=96733"}],"curies":[{"name":"wp","href":"https:\/\/api.w.org\/{rel}","templated":true}]}}