{"id":96737,"date":"2025-06-20T14:53:45","date_gmt":"2025-06-20T14:53:45","guid":{"rendered":"https:\/\/estado29.mx\/?p=96737"},"modified":"2025-06-20T14:53:46","modified_gmt":"2025-06-20T14:53:46","slug":"huamantla-sera-sede-de-la-feria-de-soluciones-de-pago-del-infonavit","status":"publish","type":"post","link":"https:\/\/estado29.mx\/?p=96737","title":{"rendered":"HUAMANTLA SER\u00c1 SEDE DE LA FERIA DE SOLUCIONES DE PAGO DEL INFONAVIT"},"content":{"rendered":"<figure class=\"wp-block-post-featured-image\"><img loading=\"lazy\" decoding=\"async\" width=\"1056\" height=\"816\" src=\"https:\/\/estado29.mx\/wp-content\/uploads\/2025\/06\/WhatsApp-Image-2025-06-19-at-3.34.42-PM.jpeg\" class=\"attachment-post-thumbnail size-post-thumbnail wp-post-image\" alt=\"\" style=\"object-fit:cover;\" srcset=\"https:\/\/estado29.mx\/wp-content\/uploads\/2025\/06\/WhatsApp-Image-2025-06-19-at-3.34.42-PM.jpeg 1056w, https:\/\/estado29.mx\/wp-content\/uploads\/2025\/06\/WhatsApp-Image-2025-06-19-at-3.34.42-PM-300x232.jpeg 300w, https:\/\/estado29.mx\/wp-content\/uploads\/2025\/06\/WhatsApp-Image-2025-06-19-at-3.34.42-PM-1024x791.jpeg 1024w, https:\/\/estado29.mx\/wp-content\/uploads\/2025\/06\/WhatsApp-Image-2025-06-19-at-3.34.42-PM-768x593.jpeg 768w, https:\/\/estado29.mx\/wp-content\/uploads\/2025\/06\/WhatsApp-Image-2025-06-19-at-3.34.42-PM-750x580.jpeg 750w\" sizes=\"auto, (max-width: 1056px) 100vw, 1056px\" \/><\/figure>\n\n\n<p>\u2022 \u201cAtenci\u00f3n directa, gratuita y sin intermediarios, a favor de las y los derechohabientes de nuestro Pueblo M\u00e1gico\u201d<\/p>\n\n\n\n<p>En un esfuerzo coordinado entre el gobierno municipal de Huamantla y el Instituto del Fondo Nacional de la Vivienda para los Trabajadores (Infonavit), este s\u00e1bado 21 de junio se llevar\u00e1 a cabo la Feria de Soluciones de Pago, una estrategia institucional que busca acercar servicios, tr\u00e1mites y asesor\u00edas personalizadas a las y los trabajadores de la zona oriente del estado.<\/p>\n\n\n\n<p>El evento se desarrollar\u00e1 de 10:00 a 14:00 horas en el Parque Ju\u00e1rez de la ciudad, ubicado en Avenida Benito Ju\u00e1rez esquina con Hidalgo Poniente, y ofrecer\u00e1 una gama de opciones para quienes buscan regularizar sus cr\u00e9ditos, resolver dudas o acceder a apoyos institucionales ante situaciones como p\u00e9rdida de empleo o dificultades econ\u00f3micas.<\/p>\n\n\n\n<p>Durante la jornada, asesores especializados del Infonavit Tlaxcala brindar\u00e1n orientaci\u00f3n sobre programas de apoyo, reestructuras de financiamiento y alternativas de pago que permitan poner al corriente los cr\u00e9ditos que representan un patrimonio familiar. Entre las opciones disponibles, destaca la pr\u00f3rroga sin intereses de hasta 12 meses continuos o 24 meses acumulados, un recurso vital para quienes atraviesan periodos de desempleo.<\/p>\n\n\n\n<p>Asimismo, las y los acreditados podr\u00e1n verificar si son beneficiarios del programa de congelamiento de saldos y mensualidades, una pol\u00edtica anunciada por la Presidenta Claudia Sheinbaum Pardo, que protege a los trabajadores del impacto inflacionario, garantizando que sus pagos no aumenten con el tiempo. Esta medida otorga certeza financiera y refuerza el principio de que \u201cla vivienda es un derecho, no una mercanc\u00eda\u201d.<\/p>\n\n\n\n<p>Las autoridades reiteraron el llamado a evitar intermediarios y estafas: \u201cTen cuidado con los Coyotes, en el Infonavit, todos los tr\u00e1mites son gratuitos\u201d. Con este ejercicio de atenci\u00f3n directa, se reafirma el compromiso institucional de trabajar por el bienestar de las familias tlaxcaltecas, acercando soluciones reales, sin barreras ni costos ocultos.<\/p>\n","protected":false},"excerpt":{"rendered":"<p>\u2022 \u201cAtenci\u00f3n directa, gratuita y sin intermediarios, a favor de las y los derechohabientes de nuestro Pueblo M\u00e1gico\u201d En un esfuerzo coordinado entre el gobierno municipal de Huamantla y el Instituto del Fondo Nacional de la Vivienda para los Trabajadores (Infonavit), este s\u00e1bado 21 de junio se llevar\u00e1 a cabo la Feria de Soluciones de [&hellip;]<\/p>\n","protected":false},"author":9,"featured_media":96738,"comment_status":"open","ping_status":"open","sticky":false,"template":"","format":"standard","meta":{"om_disable_all_campaigns":false,"_monsterinsights_skip_tracking":false,"_monsterinsights_sitenote_active":false,"_monsterinsights_sitenote_note":"","_monsterinsights_sitenote_category":0,"jnews-multi-image_gallery":[],"jnews_single_post":{"format":"standard"},"jnews_primary_category":[],"footnotes":""},"categories":[1],"tags":[],"class_list":["post-96737","post","type-post","status-publish","format-standard","has-post-thumbnail","hentry","category-uncategorized"],"aioseo_notices":[],"_links":{"self":[{"href":"https:\/\/estado29.mx\/index.php?rest_route=\/wp\/v2\/posts\/96737","targetHints":{"allow":["GET"]}}],"collection":[{"href":"https:\/\/estado29.mx\/index.php?rest_route=\/wp\/v2\/posts"}],"about":[{"href":"https:\/\/estado29.mx\/index.php?rest_route=\/wp\/v2\/types\/post"}],"author":[{"embeddable":true,"href":"https:\/\/estado29.mx\/index.php?rest_route=\/wp\/v2\/users\/9"}],"replies":[{"embeddable":true,"href":"https:\/\/estado29.mx\/index.php?rest_route=%2Fwp%2Fv2%2Fcomments&post=96737"}],"version-history":[{"count":1,"href":"https:\/\/estado29.mx\/index.php?rest_route=\/wp\/v2\/posts\/96737\/revisions"}],"predecessor-version":[{"id":96739,"href":"https:\/\/estado29.mx\/index.php?rest_route=\/wp\/v2\/posts\/96737\/revisions\/96739"}],"wp:featuredmedia":[{"embeddable":true,"href":"https:\/\/estado29.mx\/index.php?rest_route=\/wp\/v2\/media\/96738"}],"wp:attachment":[{"href":"https:\/\/estado29.mx\/index.php?rest_route=%2Fwp%2Fv2%2Fmedia&parent=96737"}],"wp:term":[{"taxonomy":"category","embeddable":true,"href":"https:\/\/estado29.mx\/index.php?rest_route=%2Fwp%2Fv2%2Fcategories&post=96737"},{"taxonomy":"post_tag","embeddable":true,"href":"https:\/\/estado29.mx\/index.php?rest_route=%2Fwp%2Fv2%2Ftags&post=96737"}],"curies":[{"name":"wp","href":"https:\/\/api.w.org\/{rel}","templated":true}]}}