{"id":96750,"date":"2025-06-20T17:52:36","date_gmt":"2025-06-20T17:52:36","guid":{"rendered":"https:\/\/estado29.mx\/?p=96750"},"modified":"2025-06-20T17:52:37","modified_gmt":"2025-06-20T17:52:37","slug":"capacita-la-uatx-a-sus-auditores-para-procesos-de-evaluacion-de-organizaciones-educativas","status":"publish","type":"post","link":"https:\/\/estado29.mx\/?p=96750","title":{"rendered":"Capacita la UATx a sus auditores para procesos de evaluaci\u00f3n de organizaciones educativas"},"content":{"rendered":"<figure class=\"wp-block-post-featured-image\"><img loading=\"lazy\" decoding=\"async\" width=\"1193\" height=\"799\" src=\"https:\/\/estado29.mx\/wp-content\/uploads\/2025\/06\/WhatsApp-Image-2025-06-20-at-11.52.14-AM.jpeg\" class=\"attachment-post-thumbnail size-post-thumbnail wp-post-image\" alt=\"\" style=\"object-fit:cover;\" srcset=\"https:\/\/estado29.mx\/wp-content\/uploads\/2025\/06\/WhatsApp-Image-2025-06-20-at-11.52.14-AM.jpeg 1193w, https:\/\/estado29.mx\/wp-content\/uploads\/2025\/06\/WhatsApp-Image-2025-06-20-at-11.52.14-AM-300x201.jpeg 300w, https:\/\/estado29.mx\/wp-content\/uploads\/2025\/06\/WhatsApp-Image-2025-06-20-at-11.52.14-AM-1024x686.jpeg 1024w, https:\/\/estado29.mx\/wp-content\/uploads\/2025\/06\/WhatsApp-Image-2025-06-20-at-11.52.14-AM-768x514.jpeg 768w, https:\/\/estado29.mx\/wp-content\/uploads\/2025\/06\/WhatsApp-Image-2025-06-20-at-11.52.14-AM-750x502.jpeg 750w, https:\/\/estado29.mx\/wp-content\/uploads\/2025\/06\/WhatsApp-Image-2025-06-20-at-11.52.14-AM-1140x764.jpeg 1140w\" sizes=\"auto, (max-width: 1193px) 100vw, 1193px\" \/><\/figure>\n\n\n<p>La Universidad Aut\u00f3noma de Tlaxcala (UATx) reafirma su compromiso de dar cumplimiento a lo establecido en la Ley General de Educaci\u00f3n Superior, por ello, impulsa estrategias para fortalecer la cultura de evaluaci\u00f3n y la mejora continua como el curso-taller \u201cFormaci\u00f3n, Desarrollo y Acreditaci\u00f3n de Auditores de Sistemas de Gesti\u00f3n de Organizaciones Educativas ISO 21001:2018, dirigido a los auditores internos de secretar\u00edas, coordinaciones de divisi\u00f3n, facultades, unidades acad\u00e9micas multidisciplinarias y centros de investigaci\u00f3n de la Universidad.<\/p>\n\n\n\n<p>Organizado por la Secretar\u00eda Acad\u00e9mica y la Coordinaci\u00f3n Institucional de Gesti\u00f3n de la Calidad, el curso-taller fue inaugurado por el Maestro Mauro S\u00e1nchez Ibarra, Secretario de Rector\u00eda, quien resalt\u00f3 que la visi\u00f3n del Modelo Humanista Integrador basado en Capacidades promueve la corresponsabilidad, la excelencia acad\u00e9mica y el compromiso con la transformaci\u00f3n social desde el quehacer universitario.<\/p>\n\n\n\n<p>Refiri\u00f3 que este curso se presenta como una herramienta clave para fortalecer la calidad educativa que ha sido impulsada desde el primer periodo del Rector, Doctor Seraf\u00edn Ortiz Ortiz, vinculando esta pr\u00e1ctica con una visi\u00f3n educativa transformadora y enriqueciendo la identidad y pertenencia universitaria.<\/p>\n\n\n\n<p>Por su parte, el Maestro Alejandro Palma Su\u00e1rez, Secretario Acad\u00e9mico, enfatiz\u00f3 que sin el compromiso de las autoridades, los sistemas de calidad dif\u00edcilmente prosperar\u00e1n y propuso un cambio de cultura institucional que comprenda dicho sistema como una herramienta poderosa para la mejora continua de procesos, productos y servicios.<\/p>\n\n\n\n<p>En su intervenci\u00f3n, el Doctor Juan S\u00e1nchez Osorio, Coordinador Institucional de Gesti\u00f3n de la Calidad, clarific\u00f3 que el objetivo del taller es fortalecer los procesos universitarios mediante la identificaci\u00f3n de actividades que aporten valor y contribuyan al crecimiento y consolidaci\u00f3n de la Instituci\u00f3n a trav\u00e9s de la evaluaci\u00f3n y replicando las buenas pr\u00e1cticas.<\/p>\n\n\n\n<p>Imparti\u00f3 el curso Alejandro Calixto Rodr\u00edguez, Doctor en Ciencias de la Educaci\u00f3n y doctorante en Neurociencias, fundador de la Entidad Latinoamericana de Competitividad Educativa (Enlace SC). Dentro de su destacada trayectoria, ha asesorado a m\u00e1s de 300 instituciones en temas como gesti\u00f3n de la calidad, reingenier\u00eda, seguridad y salud laboral, productividad, responsabilidad social y gobierno confiable, adem\u00e1s de ser asesor de la primera certificaci\u00f3n ISO 9001 e ISO 21001 en Latinoam\u00e9rica.<\/p>\n","protected":false},"excerpt":{"rendered":"<p>La Universidad Aut\u00f3noma de Tlaxcala (UATx) reafirma su compromiso de dar cumplimiento a lo establecido en la Ley General de Educaci\u00f3n Superior, por ello, impulsa estrategias para fortalecer la cultura de evaluaci\u00f3n y la mejora continua como el curso-taller \u201cFormaci\u00f3n, Desarrollo y Acreditaci\u00f3n de Auditores de Sistemas de Gesti\u00f3n de Organizaciones Educativas ISO 21001:2018, dirigido [&hellip;]<\/p>\n","protected":false},"author":9,"featured_media":96751,"comment_status":"open","ping_status":"open","sticky":false,"template":"","format":"standard","meta":{"om_disable_all_campaigns":false,"_monsterinsights_skip_tracking":false,"_monsterinsights_sitenote_active":false,"_monsterinsights_sitenote_note":"","_monsterinsights_sitenote_category":0,"jnews-multi-image_gallery":[],"jnews_single_post":{"format":"standard"},"jnews_primary_category":[],"footnotes":""},"categories":[1],"tags":[],"class_list":["post-96750","post","type-post","status-publish","format-standard","has-post-thumbnail","hentry","category-uncategorized"],"aioseo_notices":[],"_links":{"self":[{"href":"https:\/\/estado29.mx\/index.php?rest_route=\/wp\/v2\/posts\/96750","targetHints":{"allow":["GET"]}}],"collection":[{"href":"https:\/\/estado29.mx\/index.php?rest_route=\/wp\/v2\/posts"}],"about":[{"href":"https:\/\/estado29.mx\/index.php?rest_route=\/wp\/v2\/types\/post"}],"author":[{"embeddable":true,"href":"https:\/\/estado29.mx\/index.php?rest_route=\/wp\/v2\/users\/9"}],"replies":[{"embeddable":true,"href":"https:\/\/estado29.mx\/index.php?rest_route=%2Fwp%2Fv2%2Fcomments&post=96750"}],"version-history":[{"count":1,"href":"https:\/\/estado29.mx\/index.php?rest_route=\/wp\/v2\/posts\/96750\/revisions"}],"predecessor-version":[{"id":96752,"href":"https:\/\/estado29.mx\/index.php?rest_route=\/wp\/v2\/posts\/96750\/revisions\/96752"}],"wp:featuredmedia":[{"embeddable":true,"href":"https:\/\/estado29.mx\/index.php?rest_route=\/wp\/v2\/media\/96751"}],"wp:attachment":[{"href":"https:\/\/estado29.mx\/index.php?rest_route=%2Fwp%2Fv2%2Fmedia&parent=96750"}],"wp:term":[{"taxonomy":"category","embeddable":true,"href":"https:\/\/estado29.mx\/index.php?rest_route=%2Fwp%2Fv2%2Fcategories&post=96750"},{"taxonomy":"post_tag","embeddable":true,"href":"https:\/\/estado29.mx\/index.php?rest_route=%2Fwp%2Fv2%2Ftags&post=96750"}],"curies":[{"name":"wp","href":"https:\/\/api.w.org\/{rel}","templated":true}]}}