{"id":96753,"date":"2025-06-20T17:54:00","date_gmt":"2025-06-20T17:54:00","guid":{"rendered":"https:\/\/estado29.mx\/?p=96753"},"modified":"2025-06-20T17:54:01","modified_gmt":"2025-06-20T17:54:01","slug":"la-uatx-abre-espacios-de-aprendizaje-inclusivos-para-las-personas-mayores","status":"publish","type":"post","link":"https:\/\/estado29.mx\/?p=96753","title":{"rendered":"La UATx abre espacios de aprendizaje inclusivos para las personas mayores"},"content":{"rendered":"<figure class=\"wp-block-post-featured-image\"><img loading=\"lazy\" decoding=\"async\" width=\"1600\" height=\"715\" src=\"https:\/\/estado29.mx\/wp-content\/uploads\/2025\/06\/19-La-UATx-abre-espacios-de-aprendizaje-inclusivos-para-las-personas-mayores-1.jpeg\" class=\"attachment-post-thumbnail size-post-thumbnail wp-post-image\" alt=\"\" style=\"object-fit:cover;\" srcset=\"https:\/\/estado29.mx\/wp-content\/uploads\/2025\/06\/19-La-UATx-abre-espacios-de-aprendizaje-inclusivos-para-las-personas-mayores-1.jpeg 1600w, https:\/\/estado29.mx\/wp-content\/uploads\/2025\/06\/19-La-UATx-abre-espacios-de-aprendizaje-inclusivos-para-las-personas-mayores-1-300x134.jpeg 300w, https:\/\/estado29.mx\/wp-content\/uploads\/2025\/06\/19-La-UATx-abre-espacios-de-aprendizaje-inclusivos-para-las-personas-mayores-1-1024x458.jpeg 1024w, https:\/\/estado29.mx\/wp-content\/uploads\/2025\/06\/19-La-UATx-abre-espacios-de-aprendizaje-inclusivos-para-las-personas-mayores-1-768x343.jpeg 768w, https:\/\/estado29.mx\/wp-content\/uploads\/2025\/06\/19-La-UATx-abre-espacios-de-aprendizaje-inclusivos-para-las-personas-mayores-1-1536x686.jpeg 1536w, https:\/\/estado29.mx\/wp-content\/uploads\/2025\/06\/19-La-UATx-abre-espacios-de-aprendizaje-inclusivos-para-las-personas-mayores-1-750x335.jpeg 750w, https:\/\/estado29.mx\/wp-content\/uploads\/2025\/06\/19-La-UATx-abre-espacios-de-aprendizaje-inclusivos-para-las-personas-mayores-1-1140x509.jpeg 1140w\" sizes=\"auto, (max-width: 1600px) 100vw, 1600px\" \/><\/figure>\n\n\n<p>\u00fc Participan asociados, voluntarios y personal del Centro de Capacitaci\u00f3n Integral \u201cLuis Munive y Escobar\u201d<\/p>\n\n\n\n<p>Sensibilizar sobre los retos y oportunidades que implica el desarrollo humano y fomentar un envejecimiento saludable y una convivencia arm\u00f3nica entre instituciones educativas, asociaciones civiles y la comunidad, es el prop\u00f3sito de la \ud835\udfd0\u00aa \ud835\udc09\ud835\udc28\ud835\udc2b\ud835\udc27\ud835\udc1a\ud835\udc1d\ud835\udc1a \ud835\udc1d\ud835\udc1e \ud835\udc02\ud835\udc1a\ud835\udc29\ud835\udc1a\ud835\udc1c\ud835\udc22\ud835\udc2d\ud835\udc1a\ud835\udc1c\ud835\udc22\ud835\udc28\u0301\ud835\udc27. \ud835\udc02\ud835\udc28\ud835\udc27\ud835\udc2c\ud835\udc2d\ud835\udc2b\ud835\udc2e\ud835\udc32\ud835\udc1e\ud835\udc27\ud835\udc1d\ud835\udc28 \ud835\udc0d\ud835\udc2e\ud835\udc1e\ud835\udc2f\ud835\udc28\ud835\udc2c \ud835\udc04\ud835\udc27\ud835\udc2f\ud835\udc1e\ud835\udc23\ud835\udc1e\ud835\udc1c\ud835\udc22\ud835\udc26\ud835\udc22\ud835\udc1e\ud835\udc27\ud835\udc2d\ud835\udc28\ud835\udc2c: \ud835\udc14\ud835\udc27\ud835\udc1a \ud835\udc09\ud835\udc28\ud835\udc2b\ud835\udc27\ud835\udc1a\ud835\udc1d\ud835\udc1a \ud835\udc1d\ud835\udc1e \ud835\udc02\ud835\udc1a\ud835\udc29\ud835\udc1a\ud835\udc1c\ud835\udc22\ud835\udc2d\ud835\udc1a\ud835\udc1c\ud835\udc22\ud835\udc28\u0301\ud835\udc27 \ud835\udc13\ud835\udc2b\ud835\udc1a\ud835\udc27\ud835\udc2c\ud835\udc1f\ud835\udc28\ud835\udc2b\ud835\udc26\ud835\udc1a\ud835\udc1d\ud835\udc28\ud835\udc2b\ud835\udc1a, que organizan la Licenciatura en Gerontolog\u00eda Social y la Coordinaci\u00f3n de Enlace Internacional, Vinculaci\u00f3n e Intercambio Acad\u00e9mico de la Universidad Aut\u00f3noma de Tlaxcala (UATx).<\/p>\n\n\n\n<p>Del 16 al 21 de junio, los asociados, voluntarios y personal del Centro de Capacitaci\u00f3n Integral \u201cLuis Munive y Escobar\u201d, ubicado en la comunidad de Ocotl\u00e1n del municipio de Tlaxcala, participan de un programa de actividades que incluyen temas esenciales como estimulaci\u00f3n cognitiva en personas mayores, relaciones sociales en la vejez y cuidados paliativos: acompa\u00f1amiento con dignidad en la vejez, a cargo de catedr\u00e1ticos comprometidos con el servicio y el bienestar social.<\/p>\n\n\n\n<p>Durante el primer d\u00eda, el Maestro Ra\u00fal Jim\u00e9nez Guill\u00e9n, acad\u00e9mico em\u00e9rito de la Facultad de Ciencias para el Desarrollo Humano, comparti\u00f3 reflexiones y herramientas clave sobre el \ud835\udc0c\ud835\udc28\ud835\udc1d\ud835\udc1e\ud835\udc25\ud835\udc28 \ud835\udc1d\ud835\udc1e \ud835\udc25\ud835\udc1a \ud835\udc14\ud835\udc27\ud835\udc22\ud835\udc2f\ud835\udc1e\ud835\udc2b\ud835\udc2c\ud835\udc22\ud835\udc1d\ud835\udc1a\ud835\udc1d \ud835\udc29\ud835\udc1a\ud835\udc2b\ud835\udc1a\/\ud835\udc1c\ud835\udc28\ud835\udc27 \ud835\udc0f\ud835\udc1e\ud835\udc2b\ud835\udc2c\ud835\udc28\ud835\udc27\ud835\udc1a\ud835\udc2c \ud835\udc0c\ud835\udc1a\ud835\udc32\ud835\udc28\ud835\udc2b\ud835\udc1e\ud835\udc2c UATx, reafirmando el compromiso de la Instituci\u00f3n con la creaci\u00f3n de espacios de aprendizaje inclusivos, basados en el respeto y la dignidad hacia las personas mayores.<\/p>\n\n\n\n<p>El segundo d\u00eda estuvo lleno de energ\u00eda gracias al taller \ud835\udc05\ud835\udc2e\ud835\udc27\ud835\udc1c\ud835\udc22\ud835\udc28\ud835\udc27\ud835\udc1a\ud835\udc25\ud835\udc22\ud835\udc1d\ud835\udc1a\ud835\udc1d \ud835\udc1e\ud835\udc27 \ud835\udc0f\ud835\udc1e\ud835\udc2b\ud835\udc2c\ud835\udc28\ud835\udc27\ud835\udc1a\ud835\udc2c \ud835\udc0c\ud835\udc1a\ud835\udc32\ud835\udc28\ud835\udc2b\ud835\udc1e\ud835\udc2c \ud835\udc26\ud835\udc1e\ud835\udc1d\ud835\udc22\ud835\udc1a\ud835\udc27\ud835\udc2d\ud835\udc1e \ud835\udc25\ud835\udc1a \ud835\udc03\ud835\udc1a\ud835\udc27\ud835\udc33\ud835\udc1a que imparti\u00f3 la Maestra Susana Corona Ordaz, Coordinadora de la Licenciatura en Gerontolog\u00eda Social. A trav\u00e9s del movimiento, el ritmo y la expresi\u00f3n corporal, se mostr\u00f3 c\u00f3mo la actividad f\u00edsica fortalece la salud, la autonom\u00eda y la calidad de vida en la vejez.<\/p>\n\n\n\n<p>Con estas jornadas, la Aut\u00f3noma de Tlaxcala reafirma su compromiso de construir una sociedad m\u00e1s justa, donde todas las personas, sin importar su edad, tengan oportunidades para aprender, desarrollarse y ejercer plenamente sus derechos.<\/p>\n","protected":false},"excerpt":{"rendered":"<p>\u00fc Participan asociados, voluntarios y personal del Centro de Capacitaci\u00f3n Integral \u201cLuis Munive y Escobar\u201d Sensibilizar sobre los retos y oportunidades que implica el desarrollo humano y fomentar un envejecimiento saludable y una convivencia arm\u00f3nica entre instituciones educativas, asociaciones civiles y la comunidad, es el prop\u00f3sito de la \ud835\udfd0\u00aa \ud835\udc09\ud835\udc28\ud835\udc2b\ud835\udc27\ud835\udc1a\ud835\udc1d\ud835\udc1a \ud835\udc1d\ud835\udc1e \ud835\udc02\ud835\udc1a\ud835\udc29\ud835\udc1a\ud835\udc1c\ud835\udc22\ud835\udc2d\ud835\udc1a\ud835\udc1c\ud835\udc22\ud835\udc28\u0301\ud835\udc27. \ud835\udc02\ud835\udc28\ud835\udc27\ud835\udc2c\ud835\udc2d\ud835\udc2b\ud835\udc2e\ud835\udc32\ud835\udc1e\ud835\udc27\ud835\udc1d\ud835\udc28 \ud835\udc0d\ud835\udc2e\ud835\udc1e\ud835\udc2f\ud835\udc28\ud835\udc2c \ud835\udc04\ud835\udc27\ud835\udc2f\ud835\udc1e\ud835\udc23\ud835\udc1e\ud835\udc1c\ud835\udc22\ud835\udc26\ud835\udc22\ud835\udc1e\ud835\udc27\ud835\udc2d\ud835\udc28\ud835\udc2c: [&hellip;]<\/p>\n","protected":false},"author":9,"featured_media":96754,"comment_status":"open","ping_status":"open","sticky":false,"template":"","format":"standard","meta":{"om_disable_all_campaigns":false,"_monsterinsights_skip_tracking":false,"_monsterinsights_sitenote_active":false,"_monsterinsights_sitenote_note":"","_monsterinsights_sitenote_category":0,"jnews-multi-image_gallery":[],"jnews_single_post":{"format":"standard"},"jnews_primary_category":[],"footnotes":""},"categories":[1],"tags":[],"class_list":["post-96753","post","type-post","status-publish","format-standard","has-post-thumbnail","hentry","category-uncategorized"],"aioseo_notices":[],"_links":{"self":[{"href":"https:\/\/estado29.mx\/index.php?rest_route=\/wp\/v2\/posts\/96753","targetHints":{"allow":["GET"]}}],"collection":[{"href":"https:\/\/estado29.mx\/index.php?rest_route=\/wp\/v2\/posts"}],"about":[{"href":"https:\/\/estado29.mx\/index.php?rest_route=\/wp\/v2\/types\/post"}],"author":[{"embeddable":true,"href":"https:\/\/estado29.mx\/index.php?rest_route=\/wp\/v2\/users\/9"}],"replies":[{"embeddable":true,"href":"https:\/\/estado29.mx\/index.php?rest_route=%2Fwp%2Fv2%2Fcomments&post=96753"}],"version-history":[{"count":1,"href":"https:\/\/estado29.mx\/index.php?rest_route=\/wp\/v2\/posts\/96753\/revisions"}],"predecessor-version":[{"id":96755,"href":"https:\/\/estado29.mx\/index.php?rest_route=\/wp\/v2\/posts\/96753\/revisions\/96755"}],"wp:featuredmedia":[{"embeddable":true,"href":"https:\/\/estado29.mx\/index.php?rest_route=\/wp\/v2\/media\/96754"}],"wp:attachment":[{"href":"https:\/\/estado29.mx\/index.php?rest_route=%2Fwp%2Fv2%2Fmedia&parent=96753"}],"wp:term":[{"taxonomy":"category","embeddable":true,"href":"https:\/\/estado29.mx\/index.php?rest_route=%2Fwp%2Fv2%2Fcategories&post=96753"},{"taxonomy":"post_tag","embeddable":true,"href":"https:\/\/estado29.mx\/index.php?rest_route=%2Fwp%2Fv2%2Ftags&post=96753"}],"curies":[{"name":"wp","href":"https:\/\/api.w.org\/{rel}","templated":true}]}}