{"id":96756,"date":"2025-06-20T17:56:42","date_gmt":"2025-06-20T17:56:42","guid":{"rendered":"https:\/\/estado29.mx\/?p=96756"},"modified":"2025-06-20T17:56:42","modified_gmt":"2025-06-20T17:56:42","slug":"pone-en-marcha-la-uatx-%f0%9d%90%82%f0%9d%90%ae%f0%9d%90%ab%f0%9d%90%ac%f0%9d%90%a8-%f0%9d%90%93%f0%9d%90%9a%f0%9d%90%a5%f0%9d%90%a5%f0%9d%90%9e%f0%9d%90%ab-%f0%9d%90%85%f0%9d%90%a8%f0%9d%90%ab","status":"publish","type":"post","link":"https:\/\/estado29.mx\/?p=96756","title":{"rendered":"Pone en marcha la UATx \ud835\udc02\ud835\udc2e\ud835\udc2b\ud835\udc2c\ud835\udc28 &#8211; \ud835\udc13\ud835\udc1a\ud835\udc25\ud835\udc25\ud835\udc1e\ud835\udc2b \ud835\udc05\ud835\udc28\ud835\udc2b\ud835\udc26\ud835\udc1a\ud835\udc1c\ud835\udc22\ud835\udc28\u0301\ud835\udc27, Desarrollo y Acreditaci\u00f3n de Auditores de Sistemas de Gesti\u00f3n de Organizaciones Educativas."},"content":{"rendered":"<figure class=\"wp-block-post-featured-image\"><img loading=\"lazy\" decoding=\"async\" width=\"749\" height=\"407\" src=\"https:\/\/estado29.mx\/wp-content\/uploads\/2025\/06\/WhatsApp-Image-2025-06-20-at-11.56.03-AM.jpeg\" class=\"attachment-post-thumbnail size-post-thumbnail wp-post-image\" alt=\"\" style=\"object-fit:cover;\" srcset=\"https:\/\/estado29.mx\/wp-content\/uploads\/2025\/06\/WhatsApp-Image-2025-06-20-at-11.56.03-AM.jpeg 749w, https:\/\/estado29.mx\/wp-content\/uploads\/2025\/06\/WhatsApp-Image-2025-06-20-at-11.56.03-AM-300x163.jpeg 300w\" sizes=\"auto, (max-width: 749px) 100vw, 749px\" \/><\/figure>\n\n\n<p>La Universidad Aut\u00f3noma de Tlaxcala puso en marcha el \ud835\udc02\ud835\udc2e\ud835\udc2b\ud835\udc2c\ud835\udc28 &#8211; \ud835\udc13\ud835\udc1a\ud835\udc25\ud835\udc25\ud835\udc1e\ud835\udc2b \ud835\udc05\ud835\udc28\ud835\udc2b\ud835\udc26\ud835\udc1a\ud835\udc1c\ud835\udc22\ud835\udc28\u0301\ud835\udc27, Desarrollo y Acreditaci\u00f3n de Auditores de Sistemas de Gesti\u00f3n de Organizaciones Educativas \ud835\udc08\ud835\udc12\ud835\udc0e \ud835\udfd0\ud835\udfcf\ud835\udfce\ud835\udfce\ud835\udfcf:\ud835\udfd0\ud835\udfce\ud835\udfcf\ud835\udfd6, una acci\u00f3n que reafirma el compromiso con la mejora continua y con lo establecido en la Ley General de Educaci\u00f3n Superior. Esta capacitaci\u00f3n est\u00e1 dirigida a las y los auditores internos de las Secretar\u00edas, Coordinaciones de Divisi\u00f3n, Facultades, Unidades Acad\u00e9micas Multidisciplinarias y Centros de Investigaci\u00f3n.<\/p>\n\n\n\n<p>En acto de apertura presidido por el Mtro. Alejandro Palma Su\u00e1rez, Secretario Acad\u00e9mico; destaco la integraci\u00f3n del Sistema de Gesti\u00f3n de Calidad con los Procesos Acad\u00e9micos, el fortalecimiento y revisi\u00f3n del trabajo de las academias, y de igual forma la concientizaci\u00f3n y apoyo de la alta direcci\u00f3n universitaria para el \u00e9xito del sistema de gesti\u00f3n de calidad.<\/p>\n\n\n\n<p>Insert Alejandro Palma<\/p>\n\n\n\n<p>En su oportunidad el Mtro. Mauro S\u00e1nchez Ibarra, Secretario de Rector\u00eda; se\u00f1alo el inter\u00e9s del Rector, Doctor. Seraf\u00edn Ortiz Ortiz, en impulsar la mejora continua y la evaluaci\u00f3n en la educaci\u00f3n superior, ambos factores representan un desaf\u00edo en los nuevos escenarios educativos, orientados para el caso de la Aut\u00f3noma de Tlaxcala por el Modelo Humanista Integrador basado en Capacidades.<\/p>\n\n\n\n<p>Insert Mauro S\u00e1nchez<\/p>\n\n\n\n<p>El curso taller fue Organizado por la Secretaria Ecd\u00e9mica y la Coordinaci\u00f3n Institucional de Gesti\u00f3n de la Calidad, e impartido por el Doctor Alejandro Calixto Rodr\u00edguez, quien ha asesorado a m\u00e1s de 300 instituciones en temas de gesti\u00f3n de la calidad, reingenier\u00eda y responsabilidad social en Latinoam\u00e9rica.<\/p>\n","protected":false},"excerpt":{"rendered":"<p>La Universidad Aut\u00f3noma de Tlaxcala puso en marcha el \ud835\udc02\ud835\udc2e\ud835\udc2b\ud835\udc2c\ud835\udc28 &#8211; \ud835\udc13\ud835\udc1a\ud835\udc25\ud835\udc25\ud835\udc1e\ud835\udc2b \ud835\udc05\ud835\udc28\ud835\udc2b\ud835\udc26\ud835\udc1a\ud835\udc1c\ud835\udc22\ud835\udc28\u0301\ud835\udc27, Desarrollo y Acreditaci\u00f3n de Auditores de Sistemas de Gesti\u00f3n de Organizaciones Educativas \ud835\udc08\ud835\udc12\ud835\udc0e \ud835\udfd0\ud835\udfcf\ud835\udfce\ud835\udfce\ud835\udfcf:\ud835\udfd0\ud835\udfce\ud835\udfcf\ud835\udfd6, una acci\u00f3n que reafirma el compromiso con la mejora continua y con lo establecido en la Ley General de Educaci\u00f3n Superior. Esta capacitaci\u00f3n est\u00e1 dirigida a las y [&hellip;]<\/p>\n","protected":false},"author":9,"featured_media":96757,"comment_status":"open","ping_status":"open","sticky":false,"template":"","format":"standard","meta":{"om_disable_all_campaigns":false,"_monsterinsights_skip_tracking":false,"_monsterinsights_sitenote_active":false,"_monsterinsights_sitenote_note":"","_monsterinsights_sitenote_category":0,"jnews-multi-image_gallery":[],"jnews_single_post":{"format":"standard"},"jnews_primary_category":[],"footnotes":""},"categories":[1],"tags":[],"class_list":["post-96756","post","type-post","status-publish","format-standard","has-post-thumbnail","hentry","category-uncategorized"],"aioseo_notices":[],"_links":{"self":[{"href":"https:\/\/estado29.mx\/index.php?rest_route=\/wp\/v2\/posts\/96756","targetHints":{"allow":["GET"]}}],"collection":[{"href":"https:\/\/estado29.mx\/index.php?rest_route=\/wp\/v2\/posts"}],"about":[{"href":"https:\/\/estado29.mx\/index.php?rest_route=\/wp\/v2\/types\/post"}],"author":[{"embeddable":true,"href":"https:\/\/estado29.mx\/index.php?rest_route=\/wp\/v2\/users\/9"}],"replies":[{"embeddable":true,"href":"https:\/\/estado29.mx\/index.php?rest_route=%2Fwp%2Fv2%2Fcomments&post=96756"}],"version-history":[{"count":1,"href":"https:\/\/estado29.mx\/index.php?rest_route=\/wp\/v2\/posts\/96756\/revisions"}],"predecessor-version":[{"id":96758,"href":"https:\/\/estado29.mx\/index.php?rest_route=\/wp\/v2\/posts\/96756\/revisions\/96758"}],"wp:featuredmedia":[{"embeddable":true,"href":"https:\/\/estado29.mx\/index.php?rest_route=\/wp\/v2\/media\/96757"}],"wp:attachment":[{"href":"https:\/\/estado29.mx\/index.php?rest_route=%2Fwp%2Fv2%2Fmedia&parent=96756"}],"wp:term":[{"taxonomy":"category","embeddable":true,"href":"https:\/\/estado29.mx\/index.php?rest_route=%2Fwp%2Fv2%2Fcategories&post=96756"},{"taxonomy":"post_tag","embeddable":true,"href":"https:\/\/estado29.mx\/index.php?rest_route=%2Fwp%2Fv2%2Ftags&post=96756"}],"curies":[{"name":"wp","href":"https:\/\/api.w.org\/{rel}","templated":true}]}}