{"id":96777,"date":"2025-06-21T22:21:54","date_gmt":"2025-06-21T22:21:54","guid":{"rendered":"https:\/\/estado29.mx\/?p=96777"},"modified":"2025-06-21T22:21:55","modified_gmt":"2025-06-21T22:21:55","slug":"ciisder-uatx-uaemx-y-uqroo-vigorizan-la%f0%9d%90%91%f0%9d%90%9e%f0%9d%90%9d-%f0%9d%90%9d%f0%9d%90%9e-%f0%9d%90%84%f0%9d%90%ac%f0%9d%90%ad%f0%9d%90%ae%f0%9d%90%9d%f0%9d%90%a2%f0%9d%90%a8%f0%9d%90%ac","status":"publish","type":"post","link":"https:\/\/estado29.mx\/?p=96777","title":{"rendered":"CIISDER-UATx, UAEMx y Uqroo vigorizan la\ud835\udc11\ud835\udc1e\ud835\udc1d \ud835\udc1d\ud835\udc1e \ud835\udc04\ud835\udc2c\ud835\udc2d\ud835\udc2e\ud835\udc1d\ud835\udc22\ud835\udc28\ud835\udc2c \ud835\udc1e \ud835\udc08\ud835\udc27\ud835\udc2f\ud835\udc1e\ud835\udc2c\ud835\udc2d\ud835\udc22\ud835\udc20\ud835\udc1a\ud835\udc1d\ud835\udc28\ud835\udc2b\ud835\udc1e\ud835\udc2c \ud835\udc2c\ud835\udc28\ud835\udc1b\ud835\udc2b\ud835\udc1e \ud835\udc1e\ud835\udc25 \ud835\udc13\ud835\udc1e\ud835\udc2b\ud835\udc2b\ud835\udc22\ud835\udc2d\ud835\udc28\ud835\udc2b\ud835\udc22\ud835\udc28"},"content":{"rendered":"<figure class=\"wp-block-post-featured-image\"><img loading=\"lazy\" decoding=\"async\" width=\"1080\" height=\"698\" src=\"https:\/\/estado29.mx\/wp-content\/uploads\/2025\/06\/IMG-20250621-WA0018.jpg\" class=\"attachment-post-thumbnail size-post-thumbnail wp-post-image\" alt=\"\" style=\"object-fit:cover;\" srcset=\"https:\/\/estado29.mx\/wp-content\/uploads\/2025\/06\/IMG-20250621-WA0018.jpg 1080w, https:\/\/estado29.mx\/wp-content\/uploads\/2025\/06\/IMG-20250621-WA0018-300x194.jpg 300w, https:\/\/estado29.mx\/wp-content\/uploads\/2025\/06\/IMG-20250621-WA0018-1024x662.jpg 1024w, https:\/\/estado29.mx\/wp-content\/uploads\/2025\/06\/IMG-20250621-WA0018-768x496.jpg 768w, https:\/\/estado29.mx\/wp-content\/uploads\/2025\/06\/IMG-20250621-WA0018-750x485.jpg 750w\" sizes=\"auto, (max-width: 1080px) 100vw, 1080px\" \/><\/figure>\n\n\n<p>Trasciende a nivel continentalCon el prop\u00f3sito de debatir los diferentes acontecimientos territoriales que suceden en diversas zonas del pa\u00eds, inici\u00f3 el \ud835\udc02\ud835\udc2e\ud835\udc1a\ud835\udc2b\ud835\udc2d\ud835\udc28 \ud835\udc12\ud835\udc1e\ud835\udc26\ud835\udc22\ud835\udc27\ud835\udc1a\ud835\udc2b\ud835\udc22\ud835\udc28 \ud835\udc08\ud835\udc27\ud835\udc2d\ud835\udc1e\ud835\udc2b\ud835\udc27\ud835\udc1a\ud835\udc1c\ud835\udc22\ud835\udc28\ud835\udc27\ud835\udc1a\ud835\udc25 \ud835\udc1d\ud835\udc1e \ud835\udc25\ud835\udc1a \ud835\udc11\ud835\udc1e\ud835\udc1d \ud835\udc1d\ud835\udc1e \ud835\udc04\ud835\udc2c\ud835\udc2d\ud835\udc2e\ud835\udc1d\ud835\udc22\ud835\udc28\ud835\udc2c \ud835\udc1e \ud835\udc08\ud835\udc27\ud835\udc2f\ud835\udc1e\ud835\udc2c\ud835\udc2d\ud835\udc22\ud835\udc20\ud835\udc1a\ud835\udc1d\ud835\udc28\ud835\udc2b\ud835\udc1e\ud835\udc2c \ud835\udc2c\ud835\udc28\ud835\udc1b\ud835\udc2b\ud835\udc1e \ud835\udc1e\ud835\udc25 \ud835\udc13\ud835\udc1e\ud835\udc2b\ud835\udc2b\ud835\udc22\ud835\udc2d\ud835\udc28\ud835\udc2b\ud835\udc22\ud835\udc28, organizado por el Centro de  Investigaciones Interdisciplinarias Sobre Desarrollo Regional de la Universidad Aut\u00f3noma de Tlaxcala (CIISDER-UATx), en modalidad h\u00edbrida desde la Casa de Seminarios del Campus Rector\u00eda.<\/p>\n\n\n\n<p>Durante la inauguraci\u00f3n, la Doctora Margarita Mart\u00ednez G\u00f3mez, Secretaria de Investigaci\u00f3n Cient\u00edfica y Posgrado, resalt\u00f3 que el Seminario brinda la oportunidad de establecer un lenguaje com\u00fan en torno a las problem\u00e1ticas sociales y territoriales, y para reflexionar sobre su impacto y la b\u00fasqueda de soluciones que contribuyan al bienestar colectivo.<\/p>\n\n\n\n<p>A su vez, el Doctor Jos\u00e9 Alfonso Lima Guti\u00e9rrez, Coordinador del CIISDER, refiri\u00f3 que las contribuciones previstas enriquecer\u00e1n de manera significativa el trabajo de los seminarios que se han venido consolidando a lo largo de cada una de sus sesiones. Hizo hincapi\u00e9 en que la relevancia de la Red trasciende el \u00e1mbito nacional, proyect\u00e1ndose a nivel continental, con efectos positivos tanto para la propia Red como para las instituciones que colaboran de manera constante en su desarrollo.<\/p>\n\n\n\n<p>En su momento, el Maestro Tom\u00e1s \u00c1ngel Bernal D\u00e1vila, Encargado de Despacho de la Direcci\u00f3n de la Facultad de Planeaci\u00f3n Urbana y Regional de la Universidad Aut\u00f3noma del Estado de M\u00e9xico (UAEMx), inform\u00f3 que las l\u00edneas de investigaci\u00f3n que se abordar\u00e1n son: Procesos migratorios y conflictos sociales, Pol\u00edticas sociales, seguridad y violencia, Dise\u00f1o del espacio urbano natural y artificial, Accesibilidad y movilidad urbana en la ciudad.  De igual forma, Geograf\u00eda, sistemas de informaci\u00f3n geogr\u00e1fica y ordenamiento territorial, Desarrollo de proyectos inmobiliarios, Din\u00e1micas y proyectos econ\u00f3micos en el territorio, Proyectos de desarrollo agropecuario, Desarrollo de proyectos inmobiliarios tur\u00edsticos, Infraestructura urbana y recursos h\u00eddricos, Procesos urbanos, regionales metropolitanos, Vulnerabilidad, resiliencia y sustentabilidad urbana y ambiental, y Alteraciones a los ecosistemas y recursos naturales.  <\/p>\n\n\n\n<p>El seminario, que se desarrolla del 16 al 20 de junio, comprende 107 ponencias, 13 mesas de trabajo, dos presentaciones de libros y seis presentaciones de posgrado, con la participaci\u00f3n de la UATx, la UAEMx y la Universidad Aut\u00f3noma del Estado de Quintana Roo (Uqroo).  El seminario es resultado de la colaboraci\u00f3n entre la UATx, la Universidad Aut\u00f3noma del Estado de M\u00e9xico, la Facultad de Planeaci\u00f3n Urbana y Regional, la Red de Estudios e Investigadores sobre el Territorio (REIT), el Cuerpo Acad\u00e9mico Planeaci\u00f3n, Urbanismo y Medio Ambiente, y el Cuerpo Acad\u00e9mico An\u00e1lisis Regional y Estudios Metropolitanos.<\/p>\n\n\n\n<p><\/p>\n","protected":false},"excerpt":{"rendered":"<p>Trasciende a nivel continentalCon el prop\u00f3sito de debatir los diferentes acontecimientos territoriales que suceden en diversas zonas del pa\u00eds, inici\u00f3 el \ud835\udc02\ud835\udc2e\ud835\udc1a\ud835\udc2b\ud835\udc2d\ud835\udc28 \ud835\udc12\ud835\udc1e\ud835\udc26\ud835\udc22\ud835\udc27\ud835\udc1a\ud835\udc2b\ud835\udc22\ud835\udc28 \ud835\udc08\ud835\udc27\ud835\udc2d\ud835\udc1e\ud835\udc2b\ud835\udc27\ud835\udc1a\ud835\udc1c\ud835\udc22\ud835\udc28\ud835\udc27\ud835\udc1a\ud835\udc25 \ud835\udc1d\ud835\udc1e \ud835\udc25\ud835\udc1a \ud835\udc11\ud835\udc1e\ud835\udc1d \ud835\udc1d\ud835\udc1e \ud835\udc04\ud835\udc2c\ud835\udc2d\ud835\udc2e\ud835\udc1d\ud835\udc22\ud835\udc28\ud835\udc2c \ud835\udc1e \ud835\udc08\ud835\udc27\ud835\udc2f\ud835\udc1e\ud835\udc2c\ud835\udc2d\ud835\udc22\ud835\udc20\ud835\udc1a\ud835\udc1d\ud835\udc28\ud835\udc2b\ud835\udc1e\ud835\udc2c \ud835\udc2c\ud835\udc28\ud835\udc1b\ud835\udc2b\ud835\udc1e \ud835\udc1e\ud835\udc25 \ud835\udc13\ud835\udc1e\ud835\udc2b\ud835\udc2b\ud835\udc22\ud835\udc2d\ud835\udc28\ud835\udc2b\ud835\udc22\ud835\udc28, organizado por el Centro de Investigaciones Interdisciplinarias Sobre Desarrollo Regional de la Universidad Aut\u00f3noma de Tlaxcala (CIISDER-UATx), en modalidad h\u00edbrida desde [&hellip;]<\/p>\n","protected":false},"author":9,"featured_media":96779,"comment_status":"open","ping_status":"open","sticky":false,"template":"","format":"standard","meta":{"om_disable_all_campaigns":false,"_monsterinsights_skip_tracking":false,"_monsterinsights_sitenote_active":false,"_monsterinsights_sitenote_note":"","_monsterinsights_sitenote_category":0,"jnews-multi-image_gallery":[],"jnews_single_post":{"format":"standard"},"jnews_primary_category":[],"footnotes":""},"categories":[1],"tags":[],"class_list":["post-96777","post","type-post","status-publish","format-standard","has-post-thumbnail","hentry","category-uncategorized"],"aioseo_notices":[],"_links":{"self":[{"href":"https:\/\/estado29.mx\/index.php?rest_route=\/wp\/v2\/posts\/96777","targetHints":{"allow":["GET"]}}],"collection":[{"href":"https:\/\/estado29.mx\/index.php?rest_route=\/wp\/v2\/posts"}],"about":[{"href":"https:\/\/estado29.mx\/index.php?rest_route=\/wp\/v2\/types\/post"}],"author":[{"embeddable":true,"href":"https:\/\/estado29.mx\/index.php?rest_route=\/wp\/v2\/users\/9"}],"replies":[{"embeddable":true,"href":"https:\/\/estado29.mx\/index.php?rest_route=%2Fwp%2Fv2%2Fcomments&post=96777"}],"version-history":[{"count":1,"href":"https:\/\/estado29.mx\/index.php?rest_route=\/wp\/v2\/posts\/96777\/revisions"}],"predecessor-version":[{"id":96780,"href":"https:\/\/estado29.mx\/index.php?rest_route=\/wp\/v2\/posts\/96777\/revisions\/96780"}],"wp:featuredmedia":[{"embeddable":true,"href":"https:\/\/estado29.mx\/index.php?rest_route=\/wp\/v2\/media\/96779"}],"wp:attachment":[{"href":"https:\/\/estado29.mx\/index.php?rest_route=%2Fwp%2Fv2%2Fmedia&parent=96777"}],"wp:term":[{"taxonomy":"category","embeddable":true,"href":"https:\/\/estado29.mx\/index.php?rest_route=%2Fwp%2Fv2%2Fcategories&post=96777"},{"taxonomy":"post_tag","embeddable":true,"href":"https:\/\/estado29.mx\/index.php?rest_route=%2Fwp%2Fv2%2Ftags&post=96777"}],"curies":[{"name":"wp","href":"https:\/\/api.w.org\/{rel}","templated":true}]}}