{"id":96793,"date":"2025-06-21T22:32:40","date_gmt":"2025-06-21T22:32:40","guid":{"rendered":"https:\/\/estado29.mx\/?p=96793"},"modified":"2025-06-21T22:32:41","modified_gmt":"2025-06-21T22:32:41","slug":"la-basilica-de-nuestra-senora-de-la-caridad-es-el-gran-patrimonio-espiritual-y-cultural-de-huamantla","status":"publish","type":"post","link":"https:\/\/estado29.mx\/?p=96793","title":{"rendered":"LA BAS\u00cdLICA DE NUESTRA SE\u00d1ORA DE LA CARIDAD ES EL GRAN PATRIMONIO ESPIRITUAL Y CULTURAL DE HUAMANTLA"},"content":{"rendered":"<figure class=\"wp-block-post-featured-image\"><img loading=\"lazy\" decoding=\"async\" width=\"1200\" height=\"1200\" src=\"https:\/\/estado29.mx\/wp-content\/uploads\/2025\/06\/1000413613.jpg\" class=\"attachment-post-thumbnail size-post-thumbnail wp-post-image\" alt=\"\" style=\"object-fit:cover;\" srcset=\"https:\/\/estado29.mx\/wp-content\/uploads\/2025\/06\/1000413613.jpg 1200w, https:\/\/estado29.mx\/wp-content\/uploads\/2025\/06\/1000413613-300x300.jpg 300w, https:\/\/estado29.mx\/wp-content\/uploads\/2025\/06\/1000413613-1024x1024.jpg 1024w, https:\/\/estado29.mx\/wp-content\/uploads\/2025\/06\/1000413613-150x150.jpg 150w, https:\/\/estado29.mx\/wp-content\/uploads\/2025\/06\/1000413613-768x768.jpg 768w, https:\/\/estado29.mx\/wp-content\/uploads\/2025\/06\/1000413613-75x75.jpg 75w, https:\/\/estado29.mx\/wp-content\/uploads\/2025\/06\/1000413613-350x350.jpg 350w, https:\/\/estado29.mx\/wp-content\/uploads\/2025\/06\/1000413613-750x750.jpg 750w, https:\/\/estado29.mx\/wp-content\/uploads\/2025\/06\/1000413613-1140x1140.jpg 1140w\" sizes=\"auto, (max-width: 1200px) 100vw, 1200px\" \/><\/figure>\n\n\n<p>En Huamantla se erige majestuosa la Bas\u00edlica de Nuestra Se\u00f1ora de la Caridad, recinto sagrado que no solo resguarda a\u00f1os de historia y arte, sino tambi\u00e9n la fe viva de un pueblo que ha hecho de la devoci\u00f3n una celebraci\u00f3n \u00fanica en el mundo.<\/p>\n\n\n\n<p>Esta bas\u00edlica, terminada de edificar en 1954 sobre los cimientos del que fuera un Santuario en estilo Barroco del siglo XVIII, es el punto de partida de una de las tradiciones m\u00e1s entra\u00f1ables y coloridas de M\u00e9xico: La Noche que Nadie Duerme, que se celebra cada noche del 14 y madrugada del 15 de agosto como parte de las festividades dedicadas a la Virgen de la Caridad.Esa noche, el pueblo entero se transforma en un taller colectivo de arte ef\u00edmero. Calles enteras se visten con tapetes de aserr\u00edn multicolor, flores frescas y dise\u00f1os cargados de simbolismo y amor.<\/p>\n\n\n\n<p>A la medianoche, la Virgen sale en procesi\u00f3n, estrena vestido y carruaje, y es acompa\u00f1ada por miles de fieles entre cantos, rezos y fuegos artificiales que iluminan el cielo con esperanza.*Una imagen con historia y coraz\u00f3n*La imagen de la Virgen que se venera en Huamantla es una escultura de 85 cent\u00edmetros, tallada en madera, con rostro sereno y brazos articulados, lo que permite vestirla con esmero y devoci\u00f3n.<\/p>\n\n\n\n<p>La Virgen de la Caridad, originalmente de la Asunci\u00f3n, est\u00e1 llena de historia de relatos milagrosos que han sido transmitidos de generaci\u00f3n en generaci\u00f3n.Se dice que su llegada a Huamantla fue parte de una traves\u00eda marcada por la fe, el duelo y el destino, y desde entonces ha sido s\u00edmbolo de identidad y consuelo para miles de personas.<\/p>\n\n\n\n<p>Su arquitectura moderna y ornamentaci\u00f3n sobria de vitrales que representan el santo Rosario de la Virgen Mar\u00eda, as\u00ed como sus murales, reflejan la riqueza espiritual del M\u00e9xico del siglo XX y dan testimonio de la profunda huella que la religiosidad popular ha dejado en esta tierra.<\/p>\n\n\n\n<p>*Manos que bordan devoci\u00f3n*Lo m\u00e1s conmovedor de esta tradici\u00f3n es que sigue viva gracias al amor y dedicaci\u00f3n de su gente.Mujeres de todas las edades integran el grupo de Bordadoras de Estrellas, quienes cada a\u00f1o donan su tiempo, creatividad y talento para confeccionar el nuevo vestido de la Virgen.<\/p>\n\n\n\n<p>Estas manos huamantlecas, movidas por la fe y el orgullo, hacen de cada prenda una ofrenda \u00edntima y colectiva que reafirma el v\u00ednculo entre la comunidad y su patrona.*Una invitaci\u00f3n del alma*Hoy, la Bas\u00edlica de Nuestra Se\u00f1ora de la Caridad no solo es un recinto religioso, es un puente cultural que conecta a Huamantla con sus ra\u00edces, con el arte popular y con el alma de quienes creen en los milagros y la belleza. Y en este agosto, Huamantla abre nuevamente sus puertas al mundo.Est\u00e1 por llegar el momento de vivir de cerca esta tradici\u00f3n \u00fanica, para caminar por calles perfumadas de flor y aserr\u00edn, para mirar el rostro de la Virgen y sentir la fuerza de una fe que ha trascendido siglos.<\/p>\n\n\n\n<p>Ya sea como creyente, turista o amante del arte, la experiencia de visitar esta Bas\u00edlica y formar parte de su celebraci\u00f3n es un regalo, pues cada a\u00f1o se convierte en una de las fiestas m\u00e1s hermosas de M\u00e9xico.<\/p>\n","protected":false},"excerpt":{"rendered":"<p>En Huamantla se erige majestuosa la Bas\u00edlica de Nuestra Se\u00f1ora de la Caridad, recinto sagrado que no solo resguarda a\u00f1os de historia y arte, sino tambi\u00e9n la fe viva de un pueblo que ha hecho de la devoci\u00f3n una celebraci\u00f3n \u00fanica en el mundo. Esta bas\u00edlica, terminada de edificar en 1954 sobre los cimientos del [&hellip;]<\/p>\n","protected":false},"author":9,"featured_media":96794,"comment_status":"open","ping_status":"open","sticky":false,"template":"","format":"standard","meta":{"om_disable_all_campaigns":false,"_monsterinsights_skip_tracking":false,"_monsterinsights_sitenote_active":false,"_monsterinsights_sitenote_note":"","_monsterinsights_sitenote_category":0,"jnews-multi-image_gallery":[],"jnews_single_post":{"format":"standard"},"jnews_primary_category":[],"footnotes":""},"categories":[1],"tags":[],"class_list":["post-96793","post","type-post","status-publish","format-standard","has-post-thumbnail","hentry","category-uncategorized"],"aioseo_notices":[],"_links":{"self":[{"href":"https:\/\/estado29.mx\/index.php?rest_route=\/wp\/v2\/posts\/96793","targetHints":{"allow":["GET"]}}],"collection":[{"href":"https:\/\/estado29.mx\/index.php?rest_route=\/wp\/v2\/posts"}],"about":[{"href":"https:\/\/estado29.mx\/index.php?rest_route=\/wp\/v2\/types\/post"}],"author":[{"embeddable":true,"href":"https:\/\/estado29.mx\/index.php?rest_route=\/wp\/v2\/users\/9"}],"replies":[{"embeddable":true,"href":"https:\/\/estado29.mx\/index.php?rest_route=%2Fwp%2Fv2%2Fcomments&post=96793"}],"version-history":[{"count":1,"href":"https:\/\/estado29.mx\/index.php?rest_route=\/wp\/v2\/posts\/96793\/revisions"}],"predecessor-version":[{"id":96795,"href":"https:\/\/estado29.mx\/index.php?rest_route=\/wp\/v2\/posts\/96793\/revisions\/96795"}],"wp:featuredmedia":[{"embeddable":true,"href":"https:\/\/estado29.mx\/index.php?rest_route=\/wp\/v2\/media\/96794"}],"wp:attachment":[{"href":"https:\/\/estado29.mx\/index.php?rest_route=%2Fwp%2Fv2%2Fmedia&parent=96793"}],"wp:term":[{"taxonomy":"category","embeddable":true,"href":"https:\/\/estado29.mx\/index.php?rest_route=%2Fwp%2Fv2%2Fcategories&post=96793"},{"taxonomy":"post_tag","embeddable":true,"href":"https:\/\/estado29.mx\/index.php?rest_route=%2Fwp%2Fv2%2Ftags&post=96793"}],"curies":[{"name":"wp","href":"https:\/\/api.w.org\/{rel}","templated":true}]}}