{"id":96800,"date":"2025-06-21T22:37:35","date_gmt":"2025-06-21T22:37:35","guid":{"rendered":"https:\/\/estado29.mx\/?p=96800"},"modified":"2025-06-21T22:37:35","modified_gmt":"2025-06-21T22:37:35","slug":"presidenta-claudia-sheinbaum-supervisa-construccion-del-hospital-general-agustin-ohoran-del-imss-bienestar-en-yucatan-se-inaugura-en-diciembre-y-beneficiara-a-2-1-millones-de-personas","status":"publish","type":"post","link":"https:\/\/estado29.mx\/?p=96800","title":{"rendered":"PRESIDENTA CLAUDIA SHEINBAUM SUPERVISA CONSTRUCCI\u00d3N DEL HOSPITAL GENERAL AGUST\u00cdN O\u00b4HOR\u00c1N DEL IMSS BIENESTAR EN YUCAT\u00c1N; SE INAUGURA EN DICIEMBRE Y BENEFICIAR\u00c1 A 2.1 MILLONES DE PERSONAS"},"content":{"rendered":"<figure class=\"wp-block-post-featured-image\"><img loading=\"lazy\" decoding=\"async\" width=\"1600\" height=\"1200\" src=\"https:\/\/estado29.mx\/wp-content\/uploads\/2025\/06\/IMG-20250621-WA0016.jpg\" class=\"attachment-post-thumbnail size-post-thumbnail wp-post-image\" alt=\"\" style=\"object-fit:cover;\" srcset=\"https:\/\/estado29.mx\/wp-content\/uploads\/2025\/06\/IMG-20250621-WA0016.jpg 1600w, https:\/\/estado29.mx\/wp-content\/uploads\/2025\/06\/IMG-20250621-WA0016-300x225.jpg 300w, https:\/\/estado29.mx\/wp-content\/uploads\/2025\/06\/IMG-20250621-WA0016-1024x768.jpg 1024w, https:\/\/estado29.mx\/wp-content\/uploads\/2025\/06\/IMG-20250621-WA0016-768x576.jpg 768w, https:\/\/estado29.mx\/wp-content\/uploads\/2025\/06\/IMG-20250621-WA0016-1536x1152.jpg 1536w, https:\/\/estado29.mx\/wp-content\/uploads\/2025\/06\/IMG-20250621-WA0016-750x563.jpg 750w, https:\/\/estado29.mx\/wp-content\/uploads\/2025\/06\/IMG-20250621-WA0016-1140x855.jpg 1140w\" sizes=\"auto, (max-width: 1600px) 100vw, 1600px\" \/><\/figure>\n\n\n<p>Tiene una inversi\u00f3n de m\u00e1s de 4 mil 709 millones de pesos, m\u00e1s de 600 camas censables y no censables, 16 quir\u00f3fanos, laboratorios inteligentes, servicios de oncolog\u00eda, hemodi\u00e1lisis y hemodinamia* \u201cHay suficiente energ\u00eda el\u00e9ctrica para Yucat\u00e1n y va a haber m\u00e1s\u201d, aclar\u00f3 la Presidenta Reconoci\u00f3 a las y los mexicanos que viven en Estados Unidos como los mejores trabajadores del mundo Desde M\u00e9rida, Yucat\u00e1n, la Presidenta Claudia Sheinbaum, supervis\u00f3 la construcci\u00f3n del Hospital General Agust\u00edn O\u00b4Hor\u00e1n del IMSS Bienestar, la obra de salud m\u00e1s grande que el Gobierno de M\u00e9xico est\u00e1 realizando, que cuenta con una inversi\u00f3n de m\u00e1s de 4 mil 700 millones de pesos (mdp), beneficiar\u00e1 a 2.1 millones de personas del sureste mexicano y ser\u00e1 inaugurada en diciembre. <\/p>\n\n\n\n<p>\u201cLa maravilla que se abre este diciembre, en diciembre se abre este hospital en M\u00e9rida, Yucat\u00e1n, para todas y todos los yucatecos; un hospital extraordinario, \u00bfSi saben qui\u00e9n lo construy\u00f3? Los ingenieros militares, que es tambi\u00e9n de lo mejor que tiene nuestro pa\u00eds. No s\u00e9 si alcanzaron a ver las fotograf\u00edas, pero va a tener 16 quir\u00f3fanos de \u00faltimo nivel perfectamente equipados y tambi\u00e9n deben funcionar los centros de salud para que no se venga directo al hospital sino que realmente sea para un padecimiento mayor\u201d, inform\u00f3. <\/p>\n\n\n\n<p>Record\u00f3 que esta obra es parte de un proceso de transici\u00f3n para consolidar un solo Sistema Nacional de Salud P\u00fablica, en el que las mexicanas y mexicanos puedan obtener una credencial que les permita recibir atenci\u00f3n en el Instituto Mexicano del Seguro Social (IMSS), el Instituto de Seguridad y Servicios Sociales de los Trabajadores del Estado (ISSSTE) y el IMSS Bienestar, sin importar su derechohabiencia.<\/p>\n\n\n\n<p>  <\/p>\n","protected":false},"excerpt":{"rendered":"<p>Tiene una inversi\u00f3n de m\u00e1s de 4 mil 709 millones de pesos, m\u00e1s de 600 camas censables y no censables, 16 quir\u00f3fanos, laboratorios inteligentes, servicios de oncolog\u00eda, hemodi\u00e1lisis y hemodinamia* \u201cHay suficiente energ\u00eda el\u00e9ctrica para Yucat\u00e1n y va a haber m\u00e1s\u201d, aclar\u00f3 la Presidenta Reconoci\u00f3 a las y los mexicanos que viven en Estados Unidos [&hellip;]<\/p>\n","protected":false},"author":9,"featured_media":96801,"comment_status":"open","ping_status":"open","sticky":false,"template":"","format":"standard","meta":{"om_disable_all_campaigns":false,"_monsterinsights_skip_tracking":false,"_monsterinsights_sitenote_active":false,"_monsterinsights_sitenote_note":"","_monsterinsights_sitenote_category":0,"jnews-multi-image_gallery":[],"jnews_single_post":{"format":"standard"},"jnews_primary_category":[],"footnotes":""},"categories":[1],"tags":[],"class_list":["post-96800","post","type-post","status-publish","format-standard","has-post-thumbnail","hentry","category-uncategorized"],"aioseo_notices":[],"_links":{"self":[{"href":"https:\/\/estado29.mx\/index.php?rest_route=\/wp\/v2\/posts\/96800","targetHints":{"allow":["GET"]}}],"collection":[{"href":"https:\/\/estado29.mx\/index.php?rest_route=\/wp\/v2\/posts"}],"about":[{"href":"https:\/\/estado29.mx\/index.php?rest_route=\/wp\/v2\/types\/post"}],"author":[{"embeddable":true,"href":"https:\/\/estado29.mx\/index.php?rest_route=\/wp\/v2\/users\/9"}],"replies":[{"embeddable":true,"href":"https:\/\/estado29.mx\/index.php?rest_route=%2Fwp%2Fv2%2Fcomments&post=96800"}],"version-history":[{"count":1,"href":"https:\/\/estado29.mx\/index.php?rest_route=\/wp\/v2\/posts\/96800\/revisions"}],"predecessor-version":[{"id":96802,"href":"https:\/\/estado29.mx\/index.php?rest_route=\/wp\/v2\/posts\/96800\/revisions\/96802"}],"wp:featuredmedia":[{"embeddable":true,"href":"https:\/\/estado29.mx\/index.php?rest_route=\/wp\/v2\/media\/96801"}],"wp:attachment":[{"href":"https:\/\/estado29.mx\/index.php?rest_route=%2Fwp%2Fv2%2Fmedia&parent=96800"}],"wp:term":[{"taxonomy":"category","embeddable":true,"href":"https:\/\/estado29.mx\/index.php?rest_route=%2Fwp%2Fv2%2Fcategories&post=96800"},{"taxonomy":"post_tag","embeddable":true,"href":"https:\/\/estado29.mx\/index.php?rest_route=%2Fwp%2Fv2%2Ftags&post=96800"}],"curies":[{"name":"wp","href":"https:\/\/api.w.org\/{rel}","templated":true}]}}