{"id":96803,"date":"2025-06-21T22:49:07","date_gmt":"2025-06-21T22:49:07","guid":{"rendered":"https:\/\/estado29.mx\/?p=96803"},"modified":"2025-06-21T22:49:07","modified_gmt":"2025-06-21T22:49:07","slug":"convoca-cigya-uatx-al-segundo-tequio-en-san-diego-metepec","status":"publish","type":"post","link":"https:\/\/estado29.mx\/?p=96803","title":{"rendered":"Convoca CIGyA-UATx al segundo tequio en San Diego Metepec"},"content":{"rendered":"<figure class=\"wp-block-post-featured-image\"><img loading=\"lazy\" decoding=\"async\" width=\"600\" height=\"450\" src=\"https:\/\/estado29.mx\/wp-content\/uploads\/2025\/06\/IMG-20250620-WA0127.jpg\" class=\"attachment-post-thumbnail size-post-thumbnail wp-post-image\" alt=\"\" style=\"object-fit:cover;\" srcset=\"https:\/\/estado29.mx\/wp-content\/uploads\/2025\/06\/IMG-20250620-WA0127.jpg 600w, https:\/\/estado29.mx\/wp-content\/uploads\/2025\/06\/IMG-20250620-WA0127-300x225.jpg 300w\" sizes=\"auto, (max-width: 600px) 100vw, 600px\" \/><\/figure>\n\n\n<p> Trabajo comunitario que fortalece el sentido de pertenencia y la responsabilidad social En seguimiento a una de las necesidades sociales ambientales m\u00e1s apremiantes para la comunidad de Metepec, Tlaxcala, el Centro de Investigaci\u00f3n en Gen\u00e9tica y Ambiente de la Universidad Aut\u00f3noma de Tlaxcala (CIGyA-UATx) invita a participar en el \ud835\udc13\ud835\udc1e\ud835\udc2a\ud835\udc2e\ud835\udc22\ud835\udc28 \ud835\udc29\ud835\udc28\ud835\udc2b \ud835\udc1e\ud835\udc25 \ud835\udc00\ud835\udc26\ud835\udc1b\ud835\udc22\ud835\udc1e\ud835\udc27\ud835\udc2d\ud835\udc1e para dar continuidad a los trabajos de rehabilitaci\u00f3n ecol\u00f3gica en el predio de San Gregorio, el martes 24 de junio a partir de las 8:00 de la ma\u00f1ana.<\/p>\n\n\n\n<p>Las actividades de este trabajo comunitario que fortalece el sentido de pertenencia y responsabilidad social de la m\u00e1xima Casa de Estudios est\u00e1n a cargo de la Maestr\u00eda en Ciencias en Sistemas del Ambiente (MCSA) del CIGyA-UATx con la intervenci\u00f3n de los investigadores que desarrollan la L\u00ednea de Generaci\u00f3n y Aplicaci\u00f3n del Conocimiento &#8220;Estudio y Manejo de Ecosistemas&#8221;.  Dicho proyecto comenz\u00f3 hace cuatro a\u00f1os en colaboraci\u00f3n con la comunidad de San Diego Metepec y la Asociaci\u00f3n Civil &#8220;Tlalli Atoktli&#8221; con el objetivo de fomentar el cuidado y manejo del ambiente a trav\u00e9s de acciones concretas.  <\/p>\n\n\n\n<p>En la jornada del segundo \ud835\udc13\ud835\udc1e\ud835\udc2a\ud835\udc2e\ud835\udc22\ud835\udc28 \ud835\udc29\ud835\udc28\ud835\udc2b \ud835\udc1e\ud835\udc25 \ud835\udc00\ud835\udc26\ud835\udc1b\ud835\udc22\ud835\udc1e\ud835\udc27\ud835\udc2d\ud835\udc1e se realizar\u00e1n acciones de mantenimiento y fertilizaci\u00f3n org\u00e1nica a los \u00e1rboles plantados hace tres a\u00f1os, por tal motivo se invita a la comunidad en general para sumarte a este esfuerzo colectivo que redundar\u00e1 en un mejor entorno para la regi\u00f3n; se pide a los participantes llevar cubeta, herramientas como azad\u00f3n y pala, y ropa c\u00f3moda, gorra o sombrero.  El punto de reuni\u00f3n es el campo de f\u00fatbol de San Diego Metepec.\u201cPor la cultura a la justicia social\u201dDirecci\u00f3n de Comunicaci\u00f3n Social<\/p>\n\n\n\n<p><\/p>\n","protected":false},"excerpt":{"rendered":"<p>Trabajo comunitario que fortalece el sentido de pertenencia y la responsabilidad social En seguimiento a una de las necesidades sociales ambientales m\u00e1s apremiantes para la comunidad de Metepec, Tlaxcala, el Centro de Investigaci\u00f3n en Gen\u00e9tica y Ambiente de la Universidad Aut\u00f3noma de Tlaxcala (CIGyA-UATx) invita a participar en el \ud835\udc13\ud835\udc1e\ud835\udc2a\ud835\udc2e\ud835\udc22\ud835\udc28 \ud835\udc29\ud835\udc28\ud835\udc2b \ud835\udc1e\ud835\udc25 \ud835\udc00\ud835\udc26\ud835\udc1b\ud835\udc22\ud835\udc1e\ud835\udc27\ud835\udc2d\ud835\udc1e para dar [&hellip;]<\/p>\n","protected":false},"author":9,"featured_media":96804,"comment_status":"open","ping_status":"open","sticky":false,"template":"","format":"standard","meta":{"om_disable_all_campaigns":false,"_monsterinsights_skip_tracking":false,"_monsterinsights_sitenote_active":false,"_monsterinsights_sitenote_note":"","_monsterinsights_sitenote_category":0,"jnews-multi-image_gallery":[],"jnews_single_post":{"format":"standard"},"jnews_primary_category":[],"footnotes":""},"categories":[1],"tags":[],"class_list":["post-96803","post","type-post","status-publish","format-standard","has-post-thumbnail","hentry","category-uncategorized"],"aioseo_notices":[],"_links":{"self":[{"href":"https:\/\/estado29.mx\/index.php?rest_route=\/wp\/v2\/posts\/96803","targetHints":{"allow":["GET"]}}],"collection":[{"href":"https:\/\/estado29.mx\/index.php?rest_route=\/wp\/v2\/posts"}],"about":[{"href":"https:\/\/estado29.mx\/index.php?rest_route=\/wp\/v2\/types\/post"}],"author":[{"embeddable":true,"href":"https:\/\/estado29.mx\/index.php?rest_route=\/wp\/v2\/users\/9"}],"replies":[{"embeddable":true,"href":"https:\/\/estado29.mx\/index.php?rest_route=%2Fwp%2Fv2%2Fcomments&post=96803"}],"version-history":[{"count":1,"href":"https:\/\/estado29.mx\/index.php?rest_route=\/wp\/v2\/posts\/96803\/revisions"}],"predecessor-version":[{"id":96805,"href":"https:\/\/estado29.mx\/index.php?rest_route=\/wp\/v2\/posts\/96803\/revisions\/96805"}],"wp:featuredmedia":[{"embeddable":true,"href":"https:\/\/estado29.mx\/index.php?rest_route=\/wp\/v2\/media\/96804"}],"wp:attachment":[{"href":"https:\/\/estado29.mx\/index.php?rest_route=%2Fwp%2Fv2%2Fmedia&parent=96803"}],"wp:term":[{"taxonomy":"category","embeddable":true,"href":"https:\/\/estado29.mx\/index.php?rest_route=%2Fwp%2Fv2%2Fcategories&post=96803"},{"taxonomy":"post_tag","embeddable":true,"href":"https:\/\/estado29.mx\/index.php?rest_route=%2Fwp%2Fv2%2Ftags&post=96803"}],"curies":[{"name":"wp","href":"https:\/\/api.w.org\/{rel}","templated":true}]}}