{"id":96809,"date":"2025-06-21T22:56:33","date_gmt":"2025-06-21T22:56:33","guid":{"rendered":"https:\/\/estado29.mx\/?p=96809"},"modified":"2025-06-21T22:56:34","modified_gmt":"2025-06-21T22:56:34","slug":"el-alcalde-alfonso-sanchez-garcia-reconoce-la-excelencia-academica-de-estudiantes-del-ipn","status":"publish","type":"post","link":"https:\/\/estado29.mx\/?p=96809","title":{"rendered":"EL ALCALDE ALFONSO S\u00c1NCHEZ GARC\u00cdA RECONOCE LA EXCELENCIA ACAD\u00c9MICA DE ESTUDIANTES DEL IPN"},"content":{"rendered":"<figure class=\"wp-block-post-featured-image\"><img loading=\"lazy\" decoding=\"async\" width=\"1280\" height=\"853\" src=\"https:\/\/estado29.mx\/wp-content\/uploads\/2025\/06\/IMG-20250620-WA0363.jpg\" class=\"attachment-post-thumbnail size-post-thumbnail wp-post-image\" alt=\"\" style=\"object-fit:cover;\" srcset=\"https:\/\/estado29.mx\/wp-content\/uploads\/2025\/06\/IMG-20250620-WA0363.jpg 1280w, https:\/\/estado29.mx\/wp-content\/uploads\/2025\/06\/IMG-20250620-WA0363-300x200.jpg 300w, https:\/\/estado29.mx\/wp-content\/uploads\/2025\/06\/IMG-20250620-WA0363-1024x682.jpg 1024w, https:\/\/estado29.mx\/wp-content\/uploads\/2025\/06\/IMG-20250620-WA0363-768x512.jpg 768w, https:\/\/estado29.mx\/wp-content\/uploads\/2025\/06\/IMG-20250620-WA0363-750x500.jpg 750w, https:\/\/estado29.mx\/wp-content\/uploads\/2025\/06\/IMG-20250620-WA0363-1140x760.jpg 1140w\" sizes=\"auto, (max-width: 1280px) 100vw, 1280px\" \/><\/figure>\n\n\n<p>El presidente municipal destac\u00f3 el esfuerzo de estudiantes, familias y docentes como parte del progreso educativo que impulsa la Cuarta Transformaci\u00f3n En un emotivo evento, el presidente municipal de Tlaxcala, Alfonso S\u00e1nchez Garc\u00eda, entreg\u00f3 reconocimientos a estudiantes de la Unidad Profesional Interdisciplinaria en Ingenier\u00eda (UPIIT) campus Tlaxcala, del Instituto Polit\u00e9cnico Nacional (IPN), por su excelencia acad\u00e9mica. Durante la ceremonia, el alcalde de la capital resalt\u00f3 que mantener un alto rendimiento escolar es un logro que requiere dedicaci\u00f3n, esfuerzo y, sobre todo, respaldo familiar. \u201cEsto es algo digno de reconocer. Mantener estos promedios exige tiempo, constancia y mucho compromiso. Por eso, tambi\u00e9n agradezco a las familias que est\u00e1n detr\u00e1s de estos logros\u201d, expres\u00f3 el alcalde. S\u00e1nchez Garc\u00eda se\u00f1al\u00f3 que los gobiernos de la Cuarta Transformaci\u00f3n han trabajado activamente para garantizar oportunidades educativas desde los niveles b\u00e1sicos hasta el universitario, mediante el otorgamiento de becas, as\u00ed como la creaci\u00f3n en la entidad de seis universidades de distintos perfiles, lo que ampl\u00eda las posibilidades de acceso y conclusi\u00f3n. Luego, S\u00e1nchez Garc\u00eda destac\u00f3 con orgullo que el IPN es una instituci\u00f3n reconocida a nivel internacional y adelant\u00f3 que, gracias a las gestiones de la gobernadora Lorena Cu\u00e9llar Cisneros, esta casa de estudios contar\u00e1 pr\u00f3ximamente con una nueva sede que responder\u00e1 a las necesidades del campus. Por otro lado, en su mensaje tambi\u00e9n reconoci\u00f3 el compromiso del director de la UPIIT, Enrique Lima Morales, por su dedicaci\u00f3n a la formaci\u00f3n acad\u00e9mica de calidad. Durante el acto, se entregaron reconocimientos a 12 de 15 estudiantes, tres de los cuales no estuvieron presentes debido a que -a trav\u00e9s del IPN- realizan estancias de estudio en Corea, Vietnam y Polonia.    Al finalizar, estudiantes de Ingenier\u00eda mostraron parte de los proyectos que llevan a cabo en esta instituci\u00f3n, algunos de los cuales han destacado en el plano nacional e internacional. En la ceremonia estuvieron presentes Emmanuel V\u00e1zquez Nava, director de Bienestar; V\u00edctor S\u00e1nchez Mel\u00e9ndez, coordinador del Instituto de la Juventud; y Mar\u00eda del Coral Cuatepotzo Qui\u00f1ones, coordinadora de Educaci\u00f3n, todos del municipio.<\/p>\n","protected":false},"excerpt":{"rendered":"<p>El presidente municipal destac\u00f3 el esfuerzo de estudiantes, familias y docentes como parte del progreso educativo que impulsa la Cuarta Transformaci\u00f3n En un emotivo evento, el presidente municipal de Tlaxcala, Alfonso S\u00e1nchez Garc\u00eda, entreg\u00f3 reconocimientos a estudiantes de la Unidad Profesional Interdisciplinaria en Ingenier\u00eda (UPIIT) campus Tlaxcala, del Instituto Polit\u00e9cnico Nacional (IPN), por su excelencia [&hellip;]<\/p>\n","protected":false},"author":4,"featured_media":96810,"comment_status":"open","ping_status":"open","sticky":false,"template":"","format":"standard","meta":{"om_disable_all_campaigns":false,"_monsterinsights_skip_tracking":false,"_monsterinsights_sitenote_active":false,"_monsterinsights_sitenote_note":"","_monsterinsights_sitenote_category":0,"jnews-multi-image_gallery":[],"jnews_single_post":{"format":"standard"},"jnews_primary_category":[],"footnotes":""},"categories":[1],"tags":[],"class_list":["post-96809","post","type-post","status-publish","format-standard","has-post-thumbnail","hentry","category-uncategorized"],"aioseo_notices":[],"_links":{"self":[{"href":"https:\/\/estado29.mx\/index.php?rest_route=\/wp\/v2\/posts\/96809","targetHints":{"allow":["GET"]}}],"collection":[{"href":"https:\/\/estado29.mx\/index.php?rest_route=\/wp\/v2\/posts"}],"about":[{"href":"https:\/\/estado29.mx\/index.php?rest_route=\/wp\/v2\/types\/post"}],"author":[{"embeddable":true,"href":"https:\/\/estado29.mx\/index.php?rest_route=\/wp\/v2\/users\/4"}],"replies":[{"embeddable":true,"href":"https:\/\/estado29.mx\/index.php?rest_route=%2Fwp%2Fv2%2Fcomments&post=96809"}],"version-history":[{"count":1,"href":"https:\/\/estado29.mx\/index.php?rest_route=\/wp\/v2\/posts\/96809\/revisions"}],"predecessor-version":[{"id":96811,"href":"https:\/\/estado29.mx\/index.php?rest_route=\/wp\/v2\/posts\/96809\/revisions\/96811"}],"wp:featuredmedia":[{"embeddable":true,"href":"https:\/\/estado29.mx\/index.php?rest_route=\/wp\/v2\/media\/96810"}],"wp:attachment":[{"href":"https:\/\/estado29.mx\/index.php?rest_route=%2Fwp%2Fv2%2Fmedia&parent=96809"}],"wp:term":[{"taxonomy":"category","embeddable":true,"href":"https:\/\/estado29.mx\/index.php?rest_route=%2Fwp%2Fv2%2Fcategories&post=96809"},{"taxonomy":"post_tag","embeddable":true,"href":"https:\/\/estado29.mx\/index.php?rest_route=%2Fwp%2Fv2%2Ftags&post=96809"}],"curies":[{"name":"wp","href":"https:\/\/api.w.org\/{rel}","templated":true}]}}