{"id":96812,"date":"2025-06-21T23:51:52","date_gmt":"2025-06-21T23:51:52","guid":{"rendered":"https:\/\/estado29.mx\/?p=96812"},"modified":"2025-06-21T23:51:52","modified_gmt":"2025-06-21T23:51:52","slug":"camion-de-carga-a-punto-de-volcar-en-la-mexico-veracruz-en-huamantla","status":"publish","type":"post","link":"https:\/\/estado29.mx\/?p=96812","title":{"rendered":"Cami\u00f3n de carga a punto de volcar en la M\u00e9xico &#8211; Veracruz en Huamantla."},"content":{"rendered":"\n<p>Paco Ugarte.<\/p>\n\n\n\n<p>Durante la tarde de este s\u00e1bado un cami\u00f3n de carga estuvo a punto de volcar sobre la carretera M\u00e9xico &#8211; Veracruz a altura del municipio de Huamantla.<\/p>\n\n\n\n<p>El conductor de la unidad pesada sal\u00eda de una de las calles de la comunidad de Cuauht\u00e9moc, justo a un costado de la v\u00eda de comunicaci\u00f3n federal, sin embargo, estuvo apunto de volcar.<\/p>\n\n\n\n<p>Aunque se desconoce si se trat\u00f3 de una falla en el sistema de la unidad o una distracci\u00f3n del conductor, todo qued\u00f3 en el susto.<\/p>\n\n\n\n<p>Fue con ayuda de una gr\u00faa que se retir\u00f3 la unidad y ser\u00e1s las autoridades de determinar la situaci\u00f3n que se enfrente.<\/p>\n","protected":false},"excerpt":{"rendered":"<p>Paco Ugarte. Durante la tarde de este s\u00e1bado un cami\u00f3n de carga estuvo a punto de volcar sobre la carretera M\u00e9xico &#8211; Veracruz a altura del municipio de Huamantla. El conductor de la unidad pesada sal\u00eda de una de las calles de la comunidad de Cuauht\u00e9moc, justo a un costado de la v\u00eda de comunicaci\u00f3n [&hellip;]<\/p>\n","protected":false},"author":5,"featured_media":96813,"comment_status":"open","ping_status":"open","sticky":false,"template":"","format":"standard","meta":{"om_disable_all_campaigns":false,"_monsterinsights_skip_tracking":false,"_monsterinsights_sitenote_active":false,"_monsterinsights_sitenote_note":"","_monsterinsights_sitenote_category":0,"jnews-multi-image_gallery":[],"jnews_single_post":{"format":"standard"},"jnews_primary_category":[],"footnotes":""},"categories":[1],"tags":[],"class_list":["post-96812","post","type-post","status-publish","format-standard","has-post-thumbnail","hentry","category-uncategorized"],"aioseo_notices":[],"_links":{"self":[{"href":"https:\/\/estado29.mx\/index.php?rest_route=\/wp\/v2\/posts\/96812","targetHints":{"allow":["GET"]}}],"collection":[{"href":"https:\/\/estado29.mx\/index.php?rest_route=\/wp\/v2\/posts"}],"about":[{"href":"https:\/\/estado29.mx\/index.php?rest_route=\/wp\/v2\/types\/post"}],"author":[{"embeddable":true,"href":"https:\/\/estado29.mx\/index.php?rest_route=\/wp\/v2\/users\/5"}],"replies":[{"embeddable":true,"href":"https:\/\/estado29.mx\/index.php?rest_route=%2Fwp%2Fv2%2Fcomments&post=96812"}],"version-history":[{"count":1,"href":"https:\/\/estado29.mx\/index.php?rest_route=\/wp\/v2\/posts\/96812\/revisions"}],"predecessor-version":[{"id":96814,"href":"https:\/\/estado29.mx\/index.php?rest_route=\/wp\/v2\/posts\/96812\/revisions\/96814"}],"wp:featuredmedia":[{"embeddable":true,"href":"https:\/\/estado29.mx\/index.php?rest_route=\/wp\/v2\/media\/96813"}],"wp:attachment":[{"href":"https:\/\/estado29.mx\/index.php?rest_route=%2Fwp%2Fv2%2Fmedia&parent=96812"}],"wp:term":[{"taxonomy":"category","embeddable":true,"href":"https:\/\/estado29.mx\/index.php?rest_route=%2Fwp%2Fv2%2Fcategories&post=96812"},{"taxonomy":"post_tag","embeddable":true,"href":"https:\/\/estado29.mx\/index.php?rest_route=%2Fwp%2Fv2%2Ftags&post=96812"}],"curies":[{"name":"wp","href":"https:\/\/api.w.org\/{rel}","templated":true}]}}