{"id":96824,"date":"2025-06-23T13:35:23","date_gmt":"2025-06-23T13:35:23","guid":{"rendered":"https:\/\/estado29.mx\/?p=96824"},"modified":"2025-06-23T13:35:24","modified_gmt":"2025-06-23T13:35:24","slug":"me-da-mucho-gusto-que-mi-primera-medalla-haya-sido-en-tlaxcala-andrea-robles-felix-medallista-de-oro-de-bcs","status":"publish","type":"post","link":"https:\/\/estado29.mx\/?p=96824","title":{"rendered":"\u201dMe da mucho gusto que mi primera medalla haya sido en Tlaxcala\u201d: Andrea Robles F\u00e9lix, medallista de oro, de BCS"},"content":{"rendered":"\n<p><\/p>\n\n\n\n<p>*El tlaxcalteca Miguel Guti\u00e9rrez Flores se posicion\u00f3 en el top 10 de la prueba de contrarreloj individual<\/p>\n\n\n\n<p>En las competencias de ciclismo de la Olimpiada Nacional Conade 2025, en la modalidad contrarreloj individual, ramas varonil y femenil, los participantes se enfrentaron a un reto muy importante: la altura y el clima. Andrea Robles F\u00e9lix, integrante del selectivo de Baja California Sur, competidora de la categor\u00eda juvenil C, super\u00f3 esas dificultades y alcanz\u00f3 el oro.<\/p>\n\n\n\n<p>A su llegada a la meta, Andrea present\u00f3 problemas de respiraci\u00f3n debido a la altura; en ese momento no sab\u00eda que hab\u00eda sido la competidora con el mejor tiempo.<\/p>\n\n\n\n<p>Despu\u00e9s de la ceremonia de premiaci\u00f3n, comparti\u00f3 que la pista era r\u00e1pida y que dos subidas eran muy exigentes. Sin embargo, todo su esfuerzo vali\u00f3 la pena.<\/p>\n\n\n\n<p>\u201cLlevo cuatro a\u00f1os corriendo contrarreloj y nunca hab\u00eda ganado una medalla de oro. Me da mucho gusto que mi primera medalla la haya logrado en Tlaxcala. Entonces, que haya sido mi primera medalla de oro, verdaderamente significa mucho para m\u00ed. Es resultado de todo el esfuerzo y sacrificio que he estado invirtiendo en el \u00faltimo a\u00f1o\u201d, refiri\u00f3.<\/p>\n\n\n\n<p>A\u00f1adi\u00f3 que esta experiencia fue clave para continuar su carrera como atleta. \u201cEl \u00fanico problema que vi fue la altura. Vengo de un nivel de mar y llegar a 2 mil pies de altura seg\u00fan yo, pesa bastante. Fue el \u00fanico reto que sent\u00ed la verdad, pero con motivaci\u00f3n, al final de cuenta todo se logra\u201d, concluy\u00f3.<\/p>\n\n\n\n<p>Agradeci\u00f3 a Tlaxcala la organizaci\u00f3n del evento y a su equipo por hacer posible la medalla de oro.<\/p>\n\n\n\n<p>Miguel Guti\u00e9rrez Flores, atleta de Tlaxcala, quien abri\u00f3 la competencia, se posicion\u00f3 en el top 10 de la prueba de contrarreloj individual rama varonil, en la categor\u00eda juvenil B.<\/p>\n\n\n\n<p>\u201cLogr\u00e9 16 minutos, no fue el mejor tiempo, pero voy a continuar mi participaci\u00f3n en la prueba de ruta el pr\u00f3ximo domingo. Me siento muy orgulloso de representar a Tlaxcala y continuar\u00e9 en la b\u00fasqueda de la medalla de oro\u201d, dijo.<\/p>\n\n\n\n<p>Eliam Roberto Antill\u00f3n Guti\u00e9rrez, atleta del estado de Chihuahua, conquist\u00f3 el oro en la categor\u00eda juvenil B, posterior a la ceremonia de premiaci\u00f3n. Asegur\u00f3 que este logro es resultado de dos a\u00f1os de esfuerzo y disciplina durante los entrenamientos que realiza a lo largo de la semana en aspectos de intensidad y tiempo.<\/p>\n\n\n\n<p>\u201cFue uno de esos d\u00edas l\u00facidos para m\u00ed y me result\u00f3 todo. Contin\u00fao en esta Olimpiada el pr\u00f3ximo domingo. No me siento confiado, me siento seguro, pero creo que todos est\u00e1n muy fuertes de igual manera y bueno, hay que luchar\u201d, resalt\u00f3.<\/p>\n\n\n\n<p>La fiesta deportiva continuar\u00e1 en la etapa de ruta a desarrollarse este s\u00e1bado y domingo de 8:00 a 14:00 horas, en el libramiento Tlaxcala.<\/p>\n","protected":false},"excerpt":{"rendered":"<p>*El tlaxcalteca Miguel Guti\u00e9rrez Flores se posicion\u00f3 en el top 10 de la prueba de contrarreloj individual En las competencias de ciclismo de la Olimpiada Nacional Conade 2025, en la modalidad contrarreloj individual, ramas varonil y femenil, los participantes se enfrentaron a un reto muy importante: la altura y el clima. Andrea Robles F\u00e9lix, integrante [&hellip;]<\/p>\n","protected":false},"author":4,"featured_media":96825,"comment_status":"open","ping_status":"open","sticky":false,"template":"","format":"standard","meta":{"om_disable_all_campaigns":false,"_monsterinsights_skip_tracking":false,"_monsterinsights_sitenote_active":false,"_monsterinsights_sitenote_note":"","_monsterinsights_sitenote_category":0,"jnews-multi-image_gallery":[],"jnews_single_post":{"format":"standard"},"jnews_primary_category":[],"footnotes":""},"categories":[1],"tags":[],"class_list":["post-96824","post","type-post","status-publish","format-standard","has-post-thumbnail","hentry","category-uncategorized"],"aioseo_notices":[],"_links":{"self":[{"href":"https:\/\/estado29.mx\/index.php?rest_route=\/wp\/v2\/posts\/96824","targetHints":{"allow":["GET"]}}],"collection":[{"href":"https:\/\/estado29.mx\/index.php?rest_route=\/wp\/v2\/posts"}],"about":[{"href":"https:\/\/estado29.mx\/index.php?rest_route=\/wp\/v2\/types\/post"}],"author":[{"embeddable":true,"href":"https:\/\/estado29.mx\/index.php?rest_route=\/wp\/v2\/users\/4"}],"replies":[{"embeddable":true,"href":"https:\/\/estado29.mx\/index.php?rest_route=%2Fwp%2Fv2%2Fcomments&post=96824"}],"version-history":[{"count":1,"href":"https:\/\/estado29.mx\/index.php?rest_route=\/wp\/v2\/posts\/96824\/revisions"}],"predecessor-version":[{"id":96826,"href":"https:\/\/estado29.mx\/index.php?rest_route=\/wp\/v2\/posts\/96824\/revisions\/96826"}],"wp:featuredmedia":[{"embeddable":true,"href":"https:\/\/estado29.mx\/index.php?rest_route=\/wp\/v2\/media\/96825"}],"wp:attachment":[{"href":"https:\/\/estado29.mx\/index.php?rest_route=%2Fwp%2Fv2%2Fmedia&parent=96824"}],"wp:term":[{"taxonomy":"category","embeddable":true,"href":"https:\/\/estado29.mx\/index.php?rest_route=%2Fwp%2Fv2%2Fcategories&post=96824"},{"taxonomy":"post_tag","embeddable":true,"href":"https:\/\/estado29.mx\/index.php?rest_route=%2Fwp%2Fv2%2Ftags&post=96824"}],"curies":[{"name":"wp","href":"https:\/\/api.w.org\/{rel}","templated":true}]}}