{"id":96839,"date":"2025-06-23T19:29:37","date_gmt":"2025-06-23T19:29:37","guid":{"rendered":"https:\/\/estado29.mx\/?p=96839"},"modified":"2025-06-23T19:29:37","modified_gmt":"2025-06-23T19:29:37","slug":"detiene-policia-municipal-de-tlaxcala-a-presunto-agresor-armado","status":"publish","type":"post","link":"https:\/\/estado29.mx\/?p=96839","title":{"rendered":"DETIENE POLIC\u00cdA MUNICIPAL DE TLAXCALA A PRESUNTO AGRESOR ARMADO"},"content":{"rendered":"<figure class=\"wp-block-post-featured-image\"><img loading=\"lazy\" decoding=\"async\" width=\"1200\" height=\"1200\" src=\"https:\/\/estado29.mx\/wp-content\/uploads\/2025\/06\/WhatsApp-Image-2025-06-22-at-10.14.59-AM.jpeg\" class=\"attachment-post-thumbnail size-post-thumbnail wp-post-image\" alt=\"\" style=\"object-fit:cover;\" srcset=\"https:\/\/estado29.mx\/wp-content\/uploads\/2025\/06\/WhatsApp-Image-2025-06-22-at-10.14.59-AM.jpeg 1200w, https:\/\/estado29.mx\/wp-content\/uploads\/2025\/06\/WhatsApp-Image-2025-06-22-at-10.14.59-AM-300x300.jpeg 300w, https:\/\/estado29.mx\/wp-content\/uploads\/2025\/06\/WhatsApp-Image-2025-06-22-at-10.14.59-AM-1024x1024.jpeg 1024w, https:\/\/estado29.mx\/wp-content\/uploads\/2025\/06\/WhatsApp-Image-2025-06-22-at-10.14.59-AM-150x150.jpeg 150w, https:\/\/estado29.mx\/wp-content\/uploads\/2025\/06\/WhatsApp-Image-2025-06-22-at-10.14.59-AM-768x768.jpeg 768w, https:\/\/estado29.mx\/wp-content\/uploads\/2025\/06\/WhatsApp-Image-2025-06-22-at-10.14.59-AM-75x75.jpeg 75w, https:\/\/estado29.mx\/wp-content\/uploads\/2025\/06\/WhatsApp-Image-2025-06-22-at-10.14.59-AM-350x350.jpeg 350w, https:\/\/estado29.mx\/wp-content\/uploads\/2025\/06\/WhatsApp-Image-2025-06-22-at-10.14.59-AM-750x750.jpeg 750w, https:\/\/estado29.mx\/wp-content\/uploads\/2025\/06\/WhatsApp-Image-2025-06-22-at-10.14.59-AM-1140x1140.jpeg 1140w\" sizes=\"auto, (max-width: 1200px) 100vw, 1200px\" \/><\/figure>\n\n\n<p>Luego de recibir un reporte a trav\u00e9s de los n\u00fameros de emergencia sobre un hombre que habr\u00eda amenazado a varias personas con un arma de fuego, elementos de la polic\u00eda capitalina detuvieron al individuo de aproximadamente 38 a\u00f1os de edad.<\/p>\n\n\n\n<p>Fue gracias a una acci\u00f3n coordinada entre los elementos y las c\u00e1maras de videovigilancia que se logr\u00f3 rastrear al presunto agresor, quien coincid\u00eda con la descripci\u00f3n proporcionada por las personas afectadas, hasta la comunidad de Acuitlapilco, donde fue localizado, asegurado y remitido a las instalaciones de la comandancia municipal.<\/p>\n\n\n\n<p>Al momento de su detenci\u00f3n, el sujeto no portaba ning\u00fan arma; sin embargo, ser\u00e1 a trav\u00e9s de las denuncias formales y las diligencias de investigaci\u00f3n correspondientes que se determine su situaci\u00f3n legal.<\/p>\n\n\n\n<p>El Ayuntamiento de Tlaxcala hace un llamado a la ciudadan\u00eda a denunciar formalmente cualquier hecho que ponga en riesgo su integridad o la paz social, ya que su participaci\u00f3n es fundamental para que las autoridades correspondientes puedan actuar con apego a la ley y sancionar este tipo de conductas.<\/p>\n","protected":false},"excerpt":{"rendered":"<p>Luego de recibir un reporte a trav\u00e9s de los n\u00fameros de emergencia sobre un hombre que habr\u00eda amenazado a varias personas con un arma de fuego, elementos de la polic\u00eda capitalina detuvieron al individuo de aproximadamente 38 a\u00f1os de edad. Fue gracias a una acci\u00f3n coordinada entre los elementos y las c\u00e1maras de videovigilancia que [&hellip;]<\/p>\n","protected":false},"author":4,"featured_media":96840,"comment_status":"open","ping_status":"open","sticky":false,"template":"","format":"standard","meta":{"om_disable_all_campaigns":false,"_monsterinsights_skip_tracking":false,"_monsterinsights_sitenote_active":false,"_monsterinsights_sitenote_note":"","_monsterinsights_sitenote_category":0,"jnews-multi-image_gallery":[],"jnews_single_post":{"format":"standard"},"jnews_primary_category":[],"footnotes":""},"categories":[1],"tags":[],"class_list":["post-96839","post","type-post","status-publish","format-standard","has-post-thumbnail","hentry","category-uncategorized"],"aioseo_notices":[],"_links":{"self":[{"href":"https:\/\/estado29.mx\/index.php?rest_route=\/wp\/v2\/posts\/96839","targetHints":{"allow":["GET"]}}],"collection":[{"href":"https:\/\/estado29.mx\/index.php?rest_route=\/wp\/v2\/posts"}],"about":[{"href":"https:\/\/estado29.mx\/index.php?rest_route=\/wp\/v2\/types\/post"}],"author":[{"embeddable":true,"href":"https:\/\/estado29.mx\/index.php?rest_route=\/wp\/v2\/users\/4"}],"replies":[{"embeddable":true,"href":"https:\/\/estado29.mx\/index.php?rest_route=%2Fwp%2Fv2%2Fcomments&post=96839"}],"version-history":[{"count":1,"href":"https:\/\/estado29.mx\/index.php?rest_route=\/wp\/v2\/posts\/96839\/revisions"}],"predecessor-version":[{"id":96841,"href":"https:\/\/estado29.mx\/index.php?rest_route=\/wp\/v2\/posts\/96839\/revisions\/96841"}],"wp:featuredmedia":[{"embeddable":true,"href":"https:\/\/estado29.mx\/index.php?rest_route=\/wp\/v2\/media\/96840"}],"wp:attachment":[{"href":"https:\/\/estado29.mx\/index.php?rest_route=%2Fwp%2Fv2%2Fmedia&parent=96839"}],"wp:term":[{"taxonomy":"category","embeddable":true,"href":"https:\/\/estado29.mx\/index.php?rest_route=%2Fwp%2Fv2%2Fcategories&post=96839"},{"taxonomy":"post_tag","embeddable":true,"href":"https:\/\/estado29.mx\/index.php?rest_route=%2Fwp%2Fv2%2Ftags&post=96839"}],"curies":[{"name":"wp","href":"https:\/\/api.w.org\/{rel}","templated":true}]}}