{"id":96845,"date":"2025-06-24T13:14:45","date_gmt":"2025-06-24T13:14:45","guid":{"rendered":"https:\/\/estado29.mx\/?p=96845"},"modified":"2025-06-24T13:14:46","modified_gmt":"2025-06-24T13:14:46","slug":"zoe-valencia-la-mas-joven-de-su-categoria-conquista-bronce-en-taekwondo","status":"publish","type":"post","link":"https:\/\/estado29.mx\/?p=96845","title":{"rendered":"Zo\u00e9 Valencia, la m\u00e1s joven de su categor\u00eda, conquista bronce en taekwondo"},"content":{"rendered":"\n<p><\/p>\n\n\n\n<p>*La atleta tlaxcalteca de 12 a\u00f1os desafi\u00f3 a rivales de mayor edad y se coloc\u00f3 entre las mejores del pa\u00eds en la Olimpiada Nacional CONADE 2025<\/p>\n\n\n\n<p>Con temple y determinaci\u00f3n, Zo\u00e9 Valencia V\u00e1zquez, de apenas 12 a\u00f1os de edad, originaria del municipio de Chiautempan, se convirti\u00f3 en una de las revelaciones del torneo nacional de Taekwondo al obtener medalla de bronce en la categor\u00eda infantil divisi\u00f3n 47 kg, durante las competencias celebradas en Jalisco como parte de la Olimpiada Nacional CONADE 2025.<\/p>\n\n\n\n<p>A pesar de ser la competidora m\u00e1s joven en su categor\u00eda -tras haber ascendido desde la divisi\u00f3n 42 kg., donde fue campeona-, Zo\u00e9 mostr\u00f3 un desempe\u00f1o destacado desde el primer combate. Derrot\u00f3 a sus oponentes de Jalisco y Tabasco antes de enfrentar en semifinales a la representante de Guanajuato, con quien disput\u00f3 el pase a la final.<\/p>\n\n\n\n<p>\u201cS\u00ed es muy duro, pero ya logr\u00e9 obtener una medalla. Me siento feliz, contenta y orgullosa. Tengo 12 a\u00f1os, y estoy entrenando con ni\u00f1as m\u00e1s grandes, de 14 o 15 a\u00f1os, y voy a seguir trabajando m\u00e1s duro para que el otro a\u00f1o pueda obtener un resultado mejor\u201d, expres\u00f3 la joven atleta.<\/p>\n\n\n\n<p>Su entrenador, Ricardo Iv\u00e1n Sarmiento Flores, reconoci\u00f3 el talento y el car\u00e1cter competitivo de Zo\u00e9. \u201cEs una chica mentalizada y aferrada. No hab\u00eda tenido una alumna con tanta hambre de triunfo y tanto esp\u00edritu competitivo\u201d, coment\u00f3.<\/p>\n\n\n\n<p>Adem\u00e1s de Zo\u00e9, otros atletas tlaxcaltecas brillaron en la justa nacional.<\/p>\n\n\n\n<p>Sof\u00eda Islas avanz\u00f3 a la siguiente ronda tras vencer a su contrincante del estado de Jalisco, mientras que competidores como Luis Carlos Roblero, Jes\u00fas Michell P\u00e9rez, Luis Rom\u00e1n P\u00e9rez y Mar\u00eda Jos\u00e9 Ortega tambi\u00e9n tuvieron una s\u00f3lida participaci\u00f3n frente a rivales de entidades como Nuevo Le\u00f3n, Chihuahua, Quer\u00e9taro y Tamaulipas.<\/p>\n\n\n\n<p>La delegaci\u00f3n de Tlaxcala continuar\u00e1 sumando esfuerzos en los siguientes d\u00edas con la participaci\u00f3n de nuevos talentos, entre ellos los hermanos Zecua, quienes competir\u00e1n en la categor\u00eda adultos.<\/p>\n","protected":false},"excerpt":{"rendered":"<p>*La atleta tlaxcalteca de 12 a\u00f1os desafi\u00f3 a rivales de mayor edad y se coloc\u00f3 entre las mejores del pa\u00eds en la Olimpiada Nacional CONADE 2025 Con temple y determinaci\u00f3n, Zo\u00e9 Valencia V\u00e1zquez, de apenas 12 a\u00f1os de edad, originaria del municipio de Chiautempan, se convirti\u00f3 en una de las revelaciones del torneo nacional de [&hellip;]<\/p>\n","protected":false},"author":4,"featured_media":96846,"comment_status":"open","ping_status":"open","sticky":false,"template":"","format":"standard","meta":{"om_disable_all_campaigns":false,"_monsterinsights_skip_tracking":false,"_monsterinsights_sitenote_active":false,"_monsterinsights_sitenote_note":"","_monsterinsights_sitenote_category":0,"jnews-multi-image_gallery":[],"jnews_single_post":{"format":"standard"},"jnews_primary_category":[],"footnotes":""},"categories":[1],"tags":[],"class_list":["post-96845","post","type-post","status-publish","format-standard","has-post-thumbnail","hentry","category-uncategorized"],"aioseo_notices":[],"_links":{"self":[{"href":"https:\/\/estado29.mx\/index.php?rest_route=\/wp\/v2\/posts\/96845","targetHints":{"allow":["GET"]}}],"collection":[{"href":"https:\/\/estado29.mx\/index.php?rest_route=\/wp\/v2\/posts"}],"about":[{"href":"https:\/\/estado29.mx\/index.php?rest_route=\/wp\/v2\/types\/post"}],"author":[{"embeddable":true,"href":"https:\/\/estado29.mx\/index.php?rest_route=\/wp\/v2\/users\/4"}],"replies":[{"embeddable":true,"href":"https:\/\/estado29.mx\/index.php?rest_route=%2Fwp%2Fv2%2Fcomments&post=96845"}],"version-history":[{"count":1,"href":"https:\/\/estado29.mx\/index.php?rest_route=\/wp\/v2\/posts\/96845\/revisions"}],"predecessor-version":[{"id":96847,"href":"https:\/\/estado29.mx\/index.php?rest_route=\/wp\/v2\/posts\/96845\/revisions\/96847"}],"wp:featuredmedia":[{"embeddable":true,"href":"https:\/\/estado29.mx\/index.php?rest_route=\/wp\/v2\/media\/96846"}],"wp:attachment":[{"href":"https:\/\/estado29.mx\/index.php?rest_route=%2Fwp%2Fv2%2Fmedia&parent=96845"}],"wp:term":[{"taxonomy":"category","embeddable":true,"href":"https:\/\/estado29.mx\/index.php?rest_route=%2Fwp%2Fv2%2Fcategories&post=96845"},{"taxonomy":"post_tag","embeddable":true,"href":"https:\/\/estado29.mx\/index.php?rest_route=%2Fwp%2Fv2%2Ftags&post=96845"}],"curies":[{"name":"wp","href":"https:\/\/api.w.org\/{rel}","templated":true}]}}