{"id":96848,"date":"2025-06-24T13:33:59","date_gmt":"2025-06-24T13:33:59","guid":{"rendered":"https:\/\/estado29.mx\/?p=96848"},"modified":"2025-06-24T13:34:00","modified_gmt":"2025-06-24T13:34:00","slug":"en-tlaxcala-resguardan-la-magia-de-las-luciernagas-23-centros-de-avistamiento-autorizados","status":"publish","type":"post","link":"https:\/\/estado29.mx\/?p=96848","title":{"rendered":"En Tlaxcala, resguardan la magia de las luci\u00e9rnagas 23 centros de avistamiento autorizados"},"content":{"rendered":"\n<p><\/p>\n\n\n\n<p>*Del 20 de junio al 10 de agosto, Nanacamilpa y Calpulalpan recibir\u00e1n a turistas nacionales y extranjeros para presenciar uno de los espect\u00e1culos naturales m\u00e1s emblem\u00e1ticos de M\u00e9xico<\/p>\n\n\n\n<p>La magia natural de Tlaxcala vuelve a brillar con la llegada de la Temporada de Avistamiento de Luci\u00e9rnagas 2025, que se lleva a cabo del 20 de junio al 10 de agosto en los bosques de Nanacamilpa y Calpulalpan, donde se prev\u00e9 la asistencia de m\u00e1s de 110 mil visitantes nacionales e internacionales.<\/p>\n\n\n\n<p>Este fen\u00f3meno bioluminiscente se desarrolla en 23 santuarios autorizados, con recorridos nocturnos guiados por especialistas certificados que garantizan una experiencia segura, educativa y respetuosa con el medio ambiente.<\/p>\n\n\n\n<p>La observaci\u00f3n se realiza bajo estrictas normas de conservaci\u00f3n, con el fin de preservar el ecosistema y minimizar la huella ecol\u00f3gica.<\/p>\n\n\n\n<p>La temporada de luci\u00e9rnagas representa una oportunidad para impulsar el turismo comunitario y reactivar la econom\u00eda regional, gracias al consumo de productos locales, el alojamiento en caba\u00f1as y glampings de bajo impacto ambiental, as\u00ed como las actividades tur\u00edsticas complementarias en torno al maguey, el pulque y la gastronom\u00eda t\u00edpica.<\/p>\n\n\n\n<p>Este modelo de turismo sustentable ha ganado reconocimiento internacional. Durante la Feria Internacional de Turismo (Fitur) 2025 en Madrid, Espa\u00f1a, Tlaxcala fue premiada con el distintivo \u201cDestino de Turismo Sustentable\u201d.<\/p>\n\n\n\n<p>Asimismo, en el Tianguis Tur\u00edstico de Baja California, el Santuario de las Luci\u00e9rnagas recibi\u00f3 dos galardones: uno otorgado por la revista Aire Libre, y otro por M\u00e9xico Desconocido, ambos en la categor\u00eda de Turismo Sustentable.<\/p>\n\n\n\n<p>La gobernadora Lorena Cu\u00e9llar Cisneros y la secretaria de Turismo de M\u00e9xico, Josefina Rodr\u00edguez Zamora, han reiterado su compromiso con el impulso de este modelo que conjuga naturaleza, identidad y desarrollo regional.<\/p>\n\n\n\n<p>Con el lema &#8220;Ven, marav\u00edllate y protege&#8221;, la Secretar\u00eda de Turismo del Estado (Secture) invita a vivir esta experiencia \u00fanica que convierte a Tlaxcala en un referente nacional de armon\u00eda entre el ser humano y su entorno natural.<\/p>\n","protected":false},"excerpt":{"rendered":"<p>*Del 20 de junio al 10 de agosto, Nanacamilpa y Calpulalpan recibir\u00e1n a turistas nacionales y extranjeros para presenciar uno de los espect\u00e1culos naturales m\u00e1s emblem\u00e1ticos de M\u00e9xico La magia natural de Tlaxcala vuelve a brillar con la llegada de la Temporada de Avistamiento de Luci\u00e9rnagas 2025, que se lleva a cabo del 20 de [&hellip;]<\/p>\n","protected":false},"author":4,"featured_media":96849,"comment_status":"open","ping_status":"open","sticky":false,"template":"","format":"standard","meta":{"om_disable_all_campaigns":false,"_monsterinsights_skip_tracking":false,"_monsterinsights_sitenote_active":false,"_monsterinsights_sitenote_note":"","_monsterinsights_sitenote_category":0,"jnews-multi-image_gallery":[],"jnews_single_post":{"format":"standard"},"jnews_primary_category":[],"footnotes":""},"categories":[1],"tags":[],"class_list":["post-96848","post","type-post","status-publish","format-standard","has-post-thumbnail","hentry","category-uncategorized"],"aioseo_notices":[],"_links":{"self":[{"href":"https:\/\/estado29.mx\/index.php?rest_route=\/wp\/v2\/posts\/96848","targetHints":{"allow":["GET"]}}],"collection":[{"href":"https:\/\/estado29.mx\/index.php?rest_route=\/wp\/v2\/posts"}],"about":[{"href":"https:\/\/estado29.mx\/index.php?rest_route=\/wp\/v2\/types\/post"}],"author":[{"embeddable":true,"href":"https:\/\/estado29.mx\/index.php?rest_route=\/wp\/v2\/users\/4"}],"replies":[{"embeddable":true,"href":"https:\/\/estado29.mx\/index.php?rest_route=%2Fwp%2Fv2%2Fcomments&post=96848"}],"version-history":[{"count":1,"href":"https:\/\/estado29.mx\/index.php?rest_route=\/wp\/v2\/posts\/96848\/revisions"}],"predecessor-version":[{"id":96850,"href":"https:\/\/estado29.mx\/index.php?rest_route=\/wp\/v2\/posts\/96848\/revisions\/96850"}],"wp:featuredmedia":[{"embeddable":true,"href":"https:\/\/estado29.mx\/index.php?rest_route=\/wp\/v2\/media\/96849"}],"wp:attachment":[{"href":"https:\/\/estado29.mx\/index.php?rest_route=%2Fwp%2Fv2%2Fmedia&parent=96848"}],"wp:term":[{"taxonomy":"category","embeddable":true,"href":"https:\/\/estado29.mx\/index.php?rest_route=%2Fwp%2Fv2%2Fcategories&post=96848"},{"taxonomy":"post_tag","embeddable":true,"href":"https:\/\/estado29.mx\/index.php?rest_route=%2Fwp%2Fv2%2Ftags&post=96848"}],"curies":[{"name":"wp","href":"https:\/\/api.w.org\/{rel}","templated":true}]}}