{"id":96851,"date":"2025-06-24T13:37:04","date_gmt":"2025-06-24T13:37:04","guid":{"rendered":"https:\/\/estado29.mx\/?p=96851"},"modified":"2025-06-24T13:37:05","modified_gmt":"2025-06-24T13:37:05","slug":"reconoce-gobernadora-a-natalia-padilla-por-su-medalla-de-oro-en-olimpiada-nacional","status":"publish","type":"post","link":"https:\/\/estado29.mx\/?p=96851","title":{"rendered":"Reconoce gobernadora a Natalia Padilla por su medalla de oro en olimpiada nacional"},"content":{"rendered":"\n<p><\/p>\n\n\n\n<p>*La judoca estuvo en la Mesa de Construcci\u00f3n de la Paz, donde la mandataria destac\u00f3 que mantendr\u00e1 la inversi\u00f3n en infraestructura y con los deportistas tlaxcaltecas<\/p>\n\n\n\n<p>La gobernadora Lorena Cu\u00e9llar Cisneros reconoci\u00f3, por su esfuerzo y dedicaci\u00f3n, a Barbara Natalia Padilla Rugeiro, quien obtuvo medalla de oro en las competencias de judo durante la Olimpiada Nacional CONADE 2025 que se realizaron en el Centro de Convenciones de Tlaxcala, y anunci\u00f3 que la joven representar\u00e1 a M\u00e9xico en los Juegos Panamericanos Junior, que este a\u00f1o se realizar\u00e1n en agosto en Paraguay.<\/p>\n\n\n\n<p>\u201cTe felicito y si\u00e9ntete orgullosa de este estado, porque gracias a este estado M\u00e9xico existe, as\u00ed de importante es Tlaxcala, porque debemos sentirnos sumamente orgullos de nuestro estado y defenderlo como t\u00fa lo hiciste, trabajando duro, todos los d\u00edas, para demostrarles de qu\u00e9 estamos hechos los tlaxcaltecas\u201d, dijo y agreg\u00f3 que \u201cese es el orgullo que debemos de tener; hoy Tlaxcala est\u00e1 de moda, hoy Tlaxcala se est\u00e1 dando a conocer al mundo\u201d<\/p>\n\n\n\n<p>Cu\u00e9llar Cisneros le pidi\u00f3 a Natalia, y a los deportistas tlaxcaltecas, que \u201cse sientan acompa\u00f1ados, porque este gobierno va a seguir invirtiendo en el deporte como nunca en la historia y aqu\u00ed Daniel (el director del IDET) seguir\u00e1 estando al pendiente de ustedes, para que podamos seguir dando los mejores resultados\u201d.<\/p>\n\n\n\n<p>En la reuni\u00f3n de esta ma\u00f1ana de la Mesa de la Construcci\u00f3n de la Paz, la mandataria agreg\u00f3: \u201cMe siento muy orgullosa por ti y, por nuestro entrenador, \u00a1muchas gracias! porque todos somos un equipo\u201d.<\/p>\n\n\n\n<p>Natalia Padilla acudi\u00f3 a esta reuni\u00f3n junto con su entrenador Miguel \u00c1ngel Mu\u00f1oz Guzm\u00e1n, y el director del Instituto del Deporte del Estado de Tlaxcala (IDET), donde agradeci\u00f3 el reconocimiento de la gobernadora y las autoridades que se encontraban en el lugar, a quienes dijo que su triunfo \u201ces un trabajo en equipo, un trabajo de todos\u201d.&nbsp;&nbsp;&nbsp;&nbsp;&nbsp;&nbsp;&nbsp;&nbsp;&nbsp;&nbsp;&nbsp;&nbsp;&nbsp;&nbsp;&nbsp;&nbsp;&nbsp;&nbsp;&nbsp;&nbsp;&nbsp;&nbsp;&nbsp;&nbsp;&nbsp;<\/p>\n\n\n\n<p>Tambi\u00e9n el entrenador agradeci\u00f3 el respaldo del Gobierno del Estado y del IDET; \u201cel compromiso sigue d\u00e1ndose con las nuevas generaciones, con Natalia, con la provisi\u00f3n de alto rendimiento y creo que vamos a hacer un excelente papel\u201d, se\u00f1al\u00f3 Miguel \u00c1ngel Mu\u00f1oz Guzm\u00e1n.<\/p>\n\n\n\n<p>La gobernadora se comprometi\u00f3 a seguir apoyando a los j\u00f3venes que, como Natalia, ponen en alto el nombre de Tlaxcala y su administraci\u00f3n continuar\u00e1 con el impulso a trav\u00e9s de la infraestructura deportiva adecuada y con recursos cuando tengan competencias, para que puedan salir a otros estados y al extranjero.<\/p>\n\n\n\n<p>Mencion\u00f3 que su gobierno est\u00e1 realizando una inversi\u00f3n hist\u00f3rica en el deporte y \u201csomos totalmente cuidadosos, transparentes, para que el recurso alcance para todos, porque es dif\u00edcil que se tenga la posibilidad de invertir en todo lo que le hace falta al estado\u201d.<\/p>\n","protected":false},"excerpt":{"rendered":"<p>*La judoca estuvo en la Mesa de Construcci\u00f3n de la Paz, donde la mandataria destac\u00f3 que mantendr\u00e1 la inversi\u00f3n en infraestructura y con los deportistas tlaxcaltecas La gobernadora Lorena Cu\u00e9llar Cisneros reconoci\u00f3, por su esfuerzo y dedicaci\u00f3n, a Barbara Natalia Padilla Rugeiro, quien obtuvo medalla de oro en las competencias de judo durante la Olimpiada [&hellip;]<\/p>\n","protected":false},"author":4,"featured_media":96852,"comment_status":"open","ping_status":"open","sticky":false,"template":"","format":"standard","meta":{"om_disable_all_campaigns":false,"_monsterinsights_skip_tracking":false,"_monsterinsights_sitenote_active":false,"_monsterinsights_sitenote_note":"","_monsterinsights_sitenote_category":0,"jnews-multi-image_gallery":[],"jnews_single_post":{"format":"standard"},"jnews_primary_category":[],"footnotes":""},"categories":[1],"tags":[],"class_list":["post-96851","post","type-post","status-publish","format-standard","has-post-thumbnail","hentry","category-uncategorized"],"aioseo_notices":[],"_links":{"self":[{"href":"https:\/\/estado29.mx\/index.php?rest_route=\/wp\/v2\/posts\/96851","targetHints":{"allow":["GET"]}}],"collection":[{"href":"https:\/\/estado29.mx\/index.php?rest_route=\/wp\/v2\/posts"}],"about":[{"href":"https:\/\/estado29.mx\/index.php?rest_route=\/wp\/v2\/types\/post"}],"author":[{"embeddable":true,"href":"https:\/\/estado29.mx\/index.php?rest_route=\/wp\/v2\/users\/4"}],"replies":[{"embeddable":true,"href":"https:\/\/estado29.mx\/index.php?rest_route=%2Fwp%2Fv2%2Fcomments&post=96851"}],"version-history":[{"count":1,"href":"https:\/\/estado29.mx\/index.php?rest_route=\/wp\/v2\/posts\/96851\/revisions"}],"predecessor-version":[{"id":96853,"href":"https:\/\/estado29.mx\/index.php?rest_route=\/wp\/v2\/posts\/96851\/revisions\/96853"}],"wp:featuredmedia":[{"embeddable":true,"href":"https:\/\/estado29.mx\/index.php?rest_route=\/wp\/v2\/media\/96852"}],"wp:attachment":[{"href":"https:\/\/estado29.mx\/index.php?rest_route=%2Fwp%2Fv2%2Fmedia&parent=96851"}],"wp:term":[{"taxonomy":"category","embeddable":true,"href":"https:\/\/estado29.mx\/index.php?rest_route=%2Fwp%2Fv2%2Fcategories&post=96851"},{"taxonomy":"post_tag","embeddable":true,"href":"https:\/\/estado29.mx\/index.php?rest_route=%2Fwp%2Fv2%2Ftags&post=96851"}],"curies":[{"name":"wp","href":"https:\/\/api.w.org\/{rel}","templated":true}]}}