{"id":96857,"date":"2025-06-24T13:43:23","date_gmt":"2025-06-24T13:43:23","guid":{"rendered":"https:\/\/estado29.mx\/?p=96857"},"modified":"2025-06-24T13:43:32","modified_gmt":"2025-06-24T13:43:32","slug":"96857","status":"publish","type":"post","link":"https:\/\/estado29.mx\/?p=96857","title":{"rendered":"Inaugura gobernadora planta checa en Atltzayanca"},"content":{"rendered":"\n<p><\/p>\n\n\n\n<p>*Es la primera en M\u00e9xico con tecnolog\u00eda europea para fabricar persianas exteriores de alto rendimiento<\/p>\n\n\n\n<p>La gobernadora Lorena Cu\u00e9llar Cisneros inaugur\u00f3 la empresa originaria de Rep\u00fablica Checa \u201cClimatePro Persianas\u201d, en el municipio de Atltzayanca, y encendi\u00f3 la primera m\u00e1quina para dar inicio con la operaci\u00f3n de la planta, que ser\u00e1 la primera en M\u00e9xico que cuenta con esta tecnolog\u00eda europea.<\/p>\n\n\n\n<p>\u201cHoy Tlaxcala es el estado que tiene el mayor n\u00famero de empleos de la historia y eso tambi\u00e9n nos da mucho gusto porque es el trabajo que se ha hecho en equipo. Hoy es un d\u00eda especial para Tlaxcala porque somos testigos de la prosperidad que se extiende, se comparte, se siembra en cada rinc\u00f3n del estado\u201d, se\u00f1al\u00f3.<\/p>\n\n\n\n<p>Cu\u00e9llar Cisneros detall\u00f3 que es la primera empresa en Tlaxcala con origen de Republica Checa que cuenta con la tecnolog\u00eda para fabricar persianas de exterior de alto desempe\u00f1o, que buscan controlar la entrada de luz, reducir el ruido, proteger la privacidad y reducir el consumo energ\u00e9tico por aires acondicionados.<\/p>\n\n\n\n<p>Refrend\u00f3 su compromiso con la iniciativa privada. \u201cContar\u00e1n siempre con todo el respaldo del Gobierno del Estado, porque nosotros vamos acompa\u00f1ando a las empresas desde su llegada hasta que se instalen y mucho m\u00e1s. Nunca est\u00e1n solas las empresas, el gobierno est\u00e1 muy atento y as\u00ed seguir\u00e1 siendo\u201d.<\/p>\n\n\n\n<p>En su oportunidad, el titular de la Secretar\u00eda de Desarrollo Econ\u00f3mico (Sedeco), Javier Marroqu\u00edn Calder\u00f3n, precis\u00f3 que dicha empresa invertir\u00e1 m\u00e1s de 50 millones de pesos y generar\u00e1 alrededor de 80 empleos directos e indirectos en su primer a\u00f1o de operaciones en el oriente del estado.<\/p>\n\n\n\n<p>Explic\u00f3 que ClimatePro es una firma dedicada a fabricar persianas interiores y exteriores de tecnolog\u00eda europea de Zebr y que es una empresa checa l\u00edder en la fabricaci\u00f3n de este producto; \u201cesto nos va a ayudar para seguir detonando esta zona del estado\u201d.<\/p>\n\n\n\n<p>Marroqu\u00edn Calder\u00f3n destac\u00f3 que la llegada de esta empresa es el reflejo del trabajo realizado por la actual administraci\u00f3n, pues de acuerdo con el Instituto Mexicano para la Competitividad (IMCO) la entidad subi\u00f3 seis posiciones al pasar al lugar 17 a nivel nacional, mientras que, en dos a\u00f1os, se han subido 11 posiciones.<\/p>\n\n\n\n<p>A su vez, el director de innovaci\u00f3n y desarrollo de Jacko Design, Radek Poledn\u00edk, enfatiz\u00f3 que \u201cmis socios y yo nos sentimos muy respaldados por las autoridades mexicanas, que nos brindan un entorno propicio para el desarrollo de nuevos negocios y por las autoridades de la Rep\u00fablica Checa tambi\u00e9n\u201d.<\/p>\n\n\n\n<p>Afirm\u00f3 que la conclusi\u00f3n de esta primera etapa marca el inicio de un pr\u00f3spero y largo camino de crecimiento que va en sinton\u00eda con el Plan M\u00e9xico que impulsa el gobierno federal y que busca el desarrollo econ\u00f3mico equitativo y sustentable para la prosperidad compartida<\/p>\n\n\n\n<p>Por \u00faltimo, el embajador de Rep\u00fablica Checa en M\u00e9xico, Tom\u00e1\u0161 Hart, agradeci\u00f3 al estado y pa\u00eds por colaborar en el crecimiento de la empresa, adem\u00e1s de trabajar coordinadamente para dejar de lado lo negativo y enfocarse en lo positivo como cultura, deporte, inversi\u00f3n y producci\u00f3n.<\/p>\n\n\n\n<p>En el acto tambi\u00e9n estuvo la presidenta de la comisi\u00f3n de desarrollo econ\u00f3mico del Congreso local, Mar\u00eda Aurora Villeda Temoltzin; la directora de Zebr M\u00e9xico, Lucie Krejzov\u00e1; socio de ClimatePro Persianas, David Ortiz y el alcalde, Luis Alberto Huerta Hern\u00e1ndez.<\/p>\n","protected":false},"excerpt":{"rendered":"<p>*Es la primera en M\u00e9xico con tecnolog\u00eda europea para fabricar persianas exteriores de alto rendimiento La gobernadora Lorena Cu\u00e9llar Cisneros inaugur\u00f3 la empresa originaria de Rep\u00fablica Checa \u201cClimatePro Persianas\u201d, en el municipio de Atltzayanca, y encendi\u00f3 la primera m\u00e1quina para dar inicio con la operaci\u00f3n de la planta, que ser\u00e1 la primera en M\u00e9xico que [&hellip;]<\/p>\n","protected":false},"author":4,"featured_media":96858,"comment_status":"open","ping_status":"open","sticky":false,"template":"","format":"standard","meta":{"om_disable_all_campaigns":false,"_monsterinsights_skip_tracking":false,"_monsterinsights_sitenote_active":false,"_monsterinsights_sitenote_note":"","_monsterinsights_sitenote_category":0,"jnews-multi-image_gallery":[],"jnews_single_post":{"format":"standard"},"jnews_primary_category":[],"footnotes":""},"categories":[1],"tags":[],"class_list":["post-96857","post","type-post","status-publish","format-standard","has-post-thumbnail","hentry","category-uncategorized"],"aioseo_notices":[],"_links":{"self":[{"href":"https:\/\/estado29.mx\/index.php?rest_route=\/wp\/v2\/posts\/96857","targetHints":{"allow":["GET"]}}],"collection":[{"href":"https:\/\/estado29.mx\/index.php?rest_route=\/wp\/v2\/posts"}],"about":[{"href":"https:\/\/estado29.mx\/index.php?rest_route=\/wp\/v2\/types\/post"}],"author":[{"embeddable":true,"href":"https:\/\/estado29.mx\/index.php?rest_route=\/wp\/v2\/users\/4"}],"replies":[{"embeddable":true,"href":"https:\/\/estado29.mx\/index.php?rest_route=%2Fwp%2Fv2%2Fcomments&post=96857"}],"version-history":[{"count":2,"href":"https:\/\/estado29.mx\/index.php?rest_route=\/wp\/v2\/posts\/96857\/revisions"}],"predecessor-version":[{"id":96860,"href":"https:\/\/estado29.mx\/index.php?rest_route=\/wp\/v2\/posts\/96857\/revisions\/96860"}],"wp:featuredmedia":[{"embeddable":true,"href":"https:\/\/estado29.mx\/index.php?rest_route=\/wp\/v2\/media\/96858"}],"wp:attachment":[{"href":"https:\/\/estado29.mx\/index.php?rest_route=%2Fwp%2Fv2%2Fmedia&parent=96857"}],"wp:term":[{"taxonomy":"category","embeddable":true,"href":"https:\/\/estado29.mx\/index.php?rest_route=%2Fwp%2Fv2%2Fcategories&post=96857"},{"taxonomy":"post_tag","embeddable":true,"href":"https:\/\/estado29.mx\/index.php?rest_route=%2Fwp%2Fv2%2Ftags&post=96857"}],"curies":[{"name":"wp","href":"https:\/\/api.w.org\/{rel}","templated":true}]}}