{"id":96861,"date":"2025-06-24T13:48:40","date_gmt":"2025-06-24T13:48:40","guid":{"rendered":"https:\/\/estado29.mx\/?p=96861"},"modified":"2025-06-24T13:49:00","modified_gmt":"2025-06-24T13:49:00","slug":"trabajadores-de-empresas-accederan-a-esquemas-educativos-del-itea","status":"publish","type":"post","link":"https:\/\/estado29.mx\/?p=96861","title":{"rendered":"Trabajadores de empresas acceder\u00e1n a esquemas educativos del ITEA"},"content":{"rendered":"\n<p><\/p>\n\n\n\n<p>\u2022Las compa\u00f1\u00edas \u201cGalia Textil\u201d y Productos Alimenticios \u201cLa Morena\u201d signaron un convenio de colaboraci\u00f3n para combatir el rezago educativo entre su planta laboral<\/p>\n\n\n\n<p>Trabajadores tlaxcaltecas de empresas privadas podr\u00e1n acceder, junto a sus familiares, a los esquemas educativos que ofrece el Instituto Tlaxcalteca para la Educaci\u00f3n de los Adultos (ITEA) para que concluyan sus estudios de primaria y secundaria, como resultado de los convenios de colaboraci\u00f3n que sign\u00f3 la dependencia con compa\u00f1\u00edas instaladas en el estado.<\/p>\n\n\n\n<p>La directora general del ITEA, Michaelle Brito V\u00e1zquez, dio a conocer que tales acuerdos se firmaron con las empresas \u201cGalia Textil\u201d y Productos Alimenticios \u201cLa Morena\u201d del municipio de Huamantla.<\/p>\n\n\n\n<p>\u201cGarantizar el acceso a la educaci\u00f3n es una tarea compartida entre el sector p\u00fablico, la iniciativa privada y la sociedad civil. Quiero destacar el compromiso social de ambas compa\u00f1\u00edas por ofrecer a su personal una oportunidad real de superaci\u00f3n personal y profesional\u201d, afirm\u00f3.<\/p>\n\n\n\n<p>A trav\u00e9s de esta alianza, el ITEA implementar\u00e1 modelos educativos flexibles dentro de las propias instalaciones de las empresas, facilitando que los trabajadores aprendan a leer y escribir, o bien contin\u00faen sus estudios para obtener su certificado oficial de educaci\u00f3n b\u00e1sica.<\/p>\n\n\n\n<p>Adem\u00e1s, este esquema podr\u00e1 beneficiar a sus familiares directos. \u201cUno de los mandatos m\u00e1s claros de la gobernadora Lorena Cu\u00e9llar Cisneros es atender el rezago educativo. Nuestro compromiso es llevar educaci\u00f3n de calidad a cada comunidad del estado y eso incluye tambi\u00e9n al sector productivo\u201d, se\u00f1al\u00f3.<\/p>\n\n\n\n<p>En su intervenci\u00f3n, los directores generales de las empresas \u201cGalia Textil\u201d y \u201cLa Morena\u201d, Ernesto Gardu\u00f1o D\u00edas y Manuel Garc\u00eda Ulloa, respectivamente, coincidieron en la importancia de contribuir activamente a la formaci\u00f3n educativa de su personal.<\/p>\n\n\n\n<p>Esta iniciativa refleja c\u00f3mo la colaboraci\u00f3n p\u00fablico-privada puede incidir de forma directa en la transformaci\u00f3n social de Tlaxcala, promoviendo entornos laborales m\u00e1s inclusivos.<\/p>\n","protected":false},"excerpt":{"rendered":"<p>\u2022Las compa\u00f1\u00edas \u201cGalia Textil\u201d y Productos Alimenticios \u201cLa Morena\u201d signaron un convenio de colaboraci\u00f3n para combatir el rezago educativo entre su planta laboral Trabajadores tlaxcaltecas de empresas privadas podr\u00e1n acceder, junto a sus familiares, a los esquemas educativos que ofrece el Instituto Tlaxcalteca para la Educaci\u00f3n de los Adultos (ITEA) para que concluyan sus estudios [&hellip;]<\/p>\n","protected":false},"author":4,"featured_media":96862,"comment_status":"open","ping_status":"open","sticky":false,"template":"","format":"standard","meta":{"om_disable_all_campaigns":false,"_monsterinsights_skip_tracking":false,"_monsterinsights_sitenote_active":false,"_monsterinsights_sitenote_note":"","_monsterinsights_sitenote_category":0,"jnews-multi-image_gallery":[],"jnews_single_post":{"format":"standard"},"jnews_primary_category":[],"footnotes":""},"categories":[1],"tags":[],"class_list":["post-96861","post","type-post","status-publish","format-standard","has-post-thumbnail","hentry","category-uncategorized"],"aioseo_notices":[],"_links":{"self":[{"href":"https:\/\/estado29.mx\/index.php?rest_route=\/wp\/v2\/posts\/96861","targetHints":{"allow":["GET"]}}],"collection":[{"href":"https:\/\/estado29.mx\/index.php?rest_route=\/wp\/v2\/posts"}],"about":[{"href":"https:\/\/estado29.mx\/index.php?rest_route=\/wp\/v2\/types\/post"}],"author":[{"embeddable":true,"href":"https:\/\/estado29.mx\/index.php?rest_route=\/wp\/v2\/users\/4"}],"replies":[{"embeddable":true,"href":"https:\/\/estado29.mx\/index.php?rest_route=%2Fwp%2Fv2%2Fcomments&post=96861"}],"version-history":[{"count":1,"href":"https:\/\/estado29.mx\/index.php?rest_route=\/wp\/v2\/posts\/96861\/revisions"}],"predecessor-version":[{"id":96863,"href":"https:\/\/estado29.mx\/index.php?rest_route=\/wp\/v2\/posts\/96861\/revisions\/96863"}],"wp:featuredmedia":[{"embeddable":true,"href":"https:\/\/estado29.mx\/index.php?rest_route=\/wp\/v2\/media\/96862"}],"wp:attachment":[{"href":"https:\/\/estado29.mx\/index.php?rest_route=%2Fwp%2Fv2%2Fmedia&parent=96861"}],"wp:term":[{"taxonomy":"category","embeddable":true,"href":"https:\/\/estado29.mx\/index.php?rest_route=%2Fwp%2Fv2%2Fcategories&post=96861"},{"taxonomy":"post_tag","embeddable":true,"href":"https:\/\/estado29.mx\/index.php?rest_route=%2Fwp%2Fv2%2Ftags&post=96861"}],"curies":[{"name":"wp","href":"https:\/\/api.w.org\/{rel}","templated":true}]}}