{"id":96868,"date":"2025-06-24T18:37:50","date_gmt":"2025-06-24T18:37:50","guid":{"rendered":"https:\/\/estado29.mx\/?p=96868"},"modified":"2025-06-24T18:37:51","modified_gmt":"2025-06-24T18:37:51","slug":"colocan-la-primera-piedra-de-la-casa-parroquial-en-san-jose-xicotenctal-en-huamantla","status":"publish","type":"post","link":"https:\/\/estado29.mx\/?p=96868","title":{"rendered":"Colocan la primera piedra de la Casa Parroquial en San Jos\u00e9 Xicotenctal en Huamantla.\u00a0"},"content":{"rendered":"\n<p>En el barrio de Chalco en San Jos\u00e9 Xicotenctal en Huamantla, se realiz\u00f3 la colocaci\u00f3n de la primera piedra de lo que ser\u00e1 la Casa Parroquial, esto derivado de la necesidad que presenta la comunidad por convertir su iglesia a Parroquia.<\/p>\n\n\n\n<p>En el evento acudieron los p\u00e1rrocos, Alejandro Miguel Tetlalmatzi Saucedo, Uriel Galindo Rojas y Jos\u00e9 Luis D\u00edaz Silva quienes acompa\u00f1ados de ejidatarios, la presidenta de comunidad y ciudadan\u00eda en general, se realiz\u00f3 la colocaci\u00f3n de esta Casa Parroquial.&nbsp;<\/p>\n\n\n\n<p>Ah\u00ed, agradecieron y reconocieron el apoyo de quienes formaron parte de este proyecto en la comunidad de San Jos\u00e9 Xicotenctal, como al se\u00f1or Jos\u00e9 Luis Flores Rojas, quien fue el donador del terreno donde se ubicar\u00e1 la Casa Parroquial as\u00ed como Abraham luna Ram\u00edrez y Guadalupe Luna quienes son los arquitectos que se encargar\u00e1n de ejecutar el proyecto.&nbsp;<\/p>\n\n\n\n<p>Tambi\u00e9n se agradeci\u00f3 a los vecinos quienes apoyaron con material de construcci\u00f3n y con ello pueda desarrollarse el proyecto en el menor tiempo posible.&nbsp;<\/p>\n","protected":false},"excerpt":{"rendered":"<p>En el barrio de Chalco en San Jos\u00e9 Xicotenctal en Huamantla, se realiz\u00f3 la colocaci\u00f3n de la primera piedra de lo que ser\u00e1 la Casa Parroquial, esto derivado de la necesidad que presenta la comunidad por convertir su iglesia a Parroquia. En el evento acudieron los p\u00e1rrocos, Alejandro Miguel Tetlalmatzi Saucedo, Uriel Galindo Rojas y [&hellip;]<\/p>\n","protected":false},"author":5,"featured_media":96869,"comment_status":"open","ping_status":"open","sticky":false,"template":"","format":"standard","meta":{"om_disable_all_campaigns":false,"_monsterinsights_skip_tracking":false,"_monsterinsights_sitenote_active":false,"_monsterinsights_sitenote_note":"","_monsterinsights_sitenote_category":0,"jnews-multi-image_gallery":[],"jnews_single_post":{"format":"standard"},"jnews_primary_category":[],"footnotes":""},"categories":[1],"tags":[],"class_list":["post-96868","post","type-post","status-publish","format-standard","has-post-thumbnail","hentry","category-uncategorized"],"aioseo_notices":[],"_links":{"self":[{"href":"https:\/\/estado29.mx\/index.php?rest_route=\/wp\/v2\/posts\/96868","targetHints":{"allow":["GET"]}}],"collection":[{"href":"https:\/\/estado29.mx\/index.php?rest_route=\/wp\/v2\/posts"}],"about":[{"href":"https:\/\/estado29.mx\/index.php?rest_route=\/wp\/v2\/types\/post"}],"author":[{"embeddable":true,"href":"https:\/\/estado29.mx\/index.php?rest_route=\/wp\/v2\/users\/5"}],"replies":[{"embeddable":true,"href":"https:\/\/estado29.mx\/index.php?rest_route=%2Fwp%2Fv2%2Fcomments&post=96868"}],"version-history":[{"count":1,"href":"https:\/\/estado29.mx\/index.php?rest_route=\/wp\/v2\/posts\/96868\/revisions"}],"predecessor-version":[{"id":96870,"href":"https:\/\/estado29.mx\/index.php?rest_route=\/wp\/v2\/posts\/96868\/revisions\/96870"}],"wp:featuredmedia":[{"embeddable":true,"href":"https:\/\/estado29.mx\/index.php?rest_route=\/wp\/v2\/media\/96869"}],"wp:attachment":[{"href":"https:\/\/estado29.mx\/index.php?rest_route=%2Fwp%2Fv2%2Fmedia&parent=96868"}],"wp:term":[{"taxonomy":"category","embeddable":true,"href":"https:\/\/estado29.mx\/index.php?rest_route=%2Fwp%2Fv2%2Fcategories&post=96868"},{"taxonomy":"post_tag","embeddable":true,"href":"https:\/\/estado29.mx\/index.php?rest_route=%2Fwp%2Fv2%2Ftags&post=96868"}],"curies":[{"name":"wp","href":"https:\/\/api.w.org\/{rel}","templated":true}]}}