{"id":96872,"date":"2025-06-24T23:41:09","date_gmt":"2025-06-24T23:41:09","guid":{"rendered":"https:\/\/estado29.mx\/?p=96872"},"modified":"2025-06-24T23:41:09","modified_gmt":"2025-06-24T23:41:09","slug":"en-huamantla-se-asegura-a-persona-del-sexo-masculino-por-alteracion-al-orden-publico","status":"publish","type":"post","link":"https:\/\/estado29.mx\/?p=96872","title":{"rendered":"En Huamantla, se asegura a persona del sexo masculino por alteraci\u00f3n al orden p\u00fablico"},"content":{"rendered":"<figure class=\"wp-block-post-featured-image\"><img loading=\"lazy\" decoding=\"async\" width=\"900\" height=\"1600\" src=\"https:\/\/estado29.mx\/wp-content\/uploads\/2025\/06\/WhatsApp-Image-2025-06-22-at-1.09.02-AM.jpeg\" class=\"attachment-post-thumbnail size-post-thumbnail wp-post-image\" alt=\"\" style=\"object-fit:cover;\" srcset=\"https:\/\/estado29.mx\/wp-content\/uploads\/2025\/06\/WhatsApp-Image-2025-06-22-at-1.09.02-AM.jpeg 900w, https:\/\/estado29.mx\/wp-content\/uploads\/2025\/06\/WhatsApp-Image-2025-06-22-at-1.09.02-AM-169x300.jpeg 169w, https:\/\/estado29.mx\/wp-content\/uploads\/2025\/06\/WhatsApp-Image-2025-06-22-at-1.09.02-AM-576x1024.jpeg 576w, https:\/\/estado29.mx\/wp-content\/uploads\/2025\/06\/WhatsApp-Image-2025-06-22-at-1.09.02-AM-768x1365.jpeg 768w, https:\/\/estado29.mx\/wp-content\/uploads\/2025\/06\/WhatsApp-Image-2025-06-22-at-1.09.02-AM-864x1536.jpeg 864w, https:\/\/estado29.mx\/wp-content\/uploads\/2025\/06\/WhatsApp-Image-2025-06-22-at-1.09.02-AM-750x1333.jpeg 750w\" sizes=\"auto, (max-width: 900px) 100vw, 900px\" \/><\/figure>\n\n\n<p>La Comisar\u00eda de Seguridad P\u00fablica, Tr\u00e1nsito y Protecci\u00f3n Civil de Huamantla informa que, como parte de los trabajos de vigilancia preventiva, este s\u00e1bado 21 de junio de 2025, aproximadamente a las 20:45 horas, se asegur\u00f3 a un masculino por alteraci\u00f3n al orden p\u00fablico.<\/p>\n\n\n\n<p>El aseguramiento se realiz\u00f3 tras recibir un reporte ciudadano a trav\u00e9s del Centro de Control y Comando (C2), donde se alertaba sobre un presunto caso de agresi\u00f3n hacia una mujer por parte de un masculino.<\/p>\n\n\n\n<p>Al llegar al punto se\u00f1alado, los elementos municipales localizaron a dos personas cuyas caracter\u00edsticas coincid\u00edan con las reportadas, mismas que se encontraban alterando el orden p\u00fablico.<\/p>\n\n\n\n<p>El masculino, identificado como Miguel \u00c1ngel \u201cN\u201d, de 29 a\u00f1os de edad, se encontraba en aparente estado de ebriedad y mostr\u00f3 una actitud agresiva y desafiante ante la autoridad. Ante esta situaci\u00f3n, y con base en el art\u00edculo 101, fracci\u00f3n II, del Bando de Gobierno Municipal y Prevenci\u00f3n del Delito con Participaci\u00f3n Ciudadana, vigente en Huamantla, se procedi\u00f3 a su aseguramiento por una falta administrativa.<\/p>\n\n\n\n<p>Siguiendo los protocolos establecidos en la Ley Nacional sobre el Uso de la Fuerza, se realiz\u00f3 la detenci\u00f3n y el traslado del individuo a la Comisar\u00eda de Seguridad P\u00fablica, donde fue puesto a disposici\u00f3n del Juzgado Municipal para determinar su situaci\u00f3n jur\u00eddica.<\/p>\n\n\n\n<p>Posteriormente, fue valorado por el m\u00e9dico legista en turno, quien determin\u00f3 que presentaba segundo estado et\u00edlico.<\/p>\n\n\n\n<p>Comisar\u00eda de Seguridad P\u00fablica, Tr\u00e1nsito y Protecci\u00f3n Civil Municipal de Huamantla<br>\ud83d\udcf2 Para reportes y emergencias: 247 108 6423 \/ 247 127 6992<\/p>\n","protected":false},"excerpt":{"rendered":"<p>La Comisar\u00eda de Seguridad P\u00fablica, Tr\u00e1nsito y Protecci\u00f3n Civil de Huamantla informa que, como parte de los trabajos de vigilancia preventiva, este s\u00e1bado 21 de junio de 2025, aproximadamente a las 20:45 horas, se asegur\u00f3 a un masculino por alteraci\u00f3n al orden p\u00fablico. El aseguramiento se realiz\u00f3 tras recibir un reporte ciudadano a trav\u00e9s del [&hellip;]<\/p>\n","protected":false},"author":9,"featured_media":96873,"comment_status":"open","ping_status":"open","sticky":false,"template":"","format":"standard","meta":{"om_disable_all_campaigns":false,"_monsterinsights_skip_tracking":false,"_monsterinsights_sitenote_active":false,"_monsterinsights_sitenote_note":"","_monsterinsights_sitenote_category":0,"jnews-multi-image_gallery":[],"jnews_single_post":{"format":"standard"},"jnews_primary_category":[],"footnotes":""},"categories":[1],"tags":[],"class_list":["post-96872","post","type-post","status-publish","format-standard","has-post-thumbnail","hentry","category-uncategorized"],"aioseo_notices":[],"_links":{"self":[{"href":"https:\/\/estado29.mx\/index.php?rest_route=\/wp\/v2\/posts\/96872","targetHints":{"allow":["GET"]}}],"collection":[{"href":"https:\/\/estado29.mx\/index.php?rest_route=\/wp\/v2\/posts"}],"about":[{"href":"https:\/\/estado29.mx\/index.php?rest_route=\/wp\/v2\/types\/post"}],"author":[{"embeddable":true,"href":"https:\/\/estado29.mx\/index.php?rest_route=\/wp\/v2\/users\/9"}],"replies":[{"embeddable":true,"href":"https:\/\/estado29.mx\/index.php?rest_route=%2Fwp%2Fv2%2Fcomments&post=96872"}],"version-history":[{"count":1,"href":"https:\/\/estado29.mx\/index.php?rest_route=\/wp\/v2\/posts\/96872\/revisions"}],"predecessor-version":[{"id":96874,"href":"https:\/\/estado29.mx\/index.php?rest_route=\/wp\/v2\/posts\/96872\/revisions\/96874"}],"wp:featuredmedia":[{"embeddable":true,"href":"https:\/\/estado29.mx\/index.php?rest_route=\/wp\/v2\/media\/96873"}],"wp:attachment":[{"href":"https:\/\/estado29.mx\/index.php?rest_route=%2Fwp%2Fv2%2Fmedia&parent=96872"}],"wp:term":[{"taxonomy":"category","embeddable":true,"href":"https:\/\/estado29.mx\/index.php?rest_route=%2Fwp%2Fv2%2Fcategories&post=96872"},{"taxonomy":"post_tag","embeddable":true,"href":"https:\/\/estado29.mx\/index.php?rest_route=%2Fwp%2Fv2%2Ftags&post=96872"}],"curies":[{"name":"wp","href":"https:\/\/api.w.org\/{rel}","templated":true}]}}