{"id":96875,"date":"2025-06-24T23:41:55","date_gmt":"2025-06-24T23:41:55","guid":{"rendered":"https:\/\/estado29.mx\/?p=96875"},"modified":"2025-06-24T23:41:55","modified_gmt":"2025-06-24T23:41:55","slug":"atienden-cuerpos-de-emergencia-volcadura-sobre-carretera-federal-mexico-veracruz-a-la-altura-de-cuauhtemoc","status":"publish","type":"post","link":"https:\/\/estado29.mx\/?p=96875","title":{"rendered":"Atienden cuerpos de emergencia volcadura sobre carretera federal M\u00e9xico\u2013Veracruz, a la altura de Cuauht\u00e9moc"},"content":{"rendered":"<figure class=\"wp-block-post-featured-image\"><img loading=\"lazy\" decoding=\"async\" width=\"1600\" height=\"1200\" src=\"https:\/\/estado29.mx\/wp-content\/uploads\/2025\/06\/WhatsApp-Image-2025-06-22-at-11.10.38-PM.jpeg\" class=\"attachment-post-thumbnail size-post-thumbnail wp-post-image\" alt=\"\" style=\"object-fit:cover;\" srcset=\"https:\/\/estado29.mx\/wp-content\/uploads\/2025\/06\/WhatsApp-Image-2025-06-22-at-11.10.38-PM.jpeg 1600w, https:\/\/estado29.mx\/wp-content\/uploads\/2025\/06\/WhatsApp-Image-2025-06-22-at-11.10.38-PM-300x225.jpeg 300w, https:\/\/estado29.mx\/wp-content\/uploads\/2025\/06\/WhatsApp-Image-2025-06-22-at-11.10.38-PM-1024x768.jpeg 1024w, https:\/\/estado29.mx\/wp-content\/uploads\/2025\/06\/WhatsApp-Image-2025-06-22-at-11.10.38-PM-768x576.jpeg 768w, https:\/\/estado29.mx\/wp-content\/uploads\/2025\/06\/WhatsApp-Image-2025-06-22-at-11.10.38-PM-1536x1152.jpeg 1536w, https:\/\/estado29.mx\/wp-content\/uploads\/2025\/06\/WhatsApp-Image-2025-06-22-at-11.10.38-PM-750x563.jpeg 750w, https:\/\/estado29.mx\/wp-content\/uploads\/2025\/06\/WhatsApp-Image-2025-06-22-at-11.10.38-PM-1140x855.jpeg 1140w\" sizes=\"auto, (max-width: 1600px) 100vw, 1600px\" \/><\/figure>\n\n\n<p>Elementos de Seguridad P\u00fablica, Tr\u00e1nsito y Protecci\u00f3n Civil de Huamantla atendieron de forma oportuna un accidente automovil\u00edstico registrado sobre la carretera federal M\u00e9xico\u2013Veracruz, a la altura de la comunidad de Cuauht\u00e9moc.<\/p>\n\n\n\n<p>En el lugar se localiz\u00f3 un veh\u00edculo volcado con un masculino en su interior, el cual fue rescatado por personal de Bomberos y atendido de inmediato por elementos de Protecci\u00f3n Civil. Tambi\u00e9n fueron valorados otros ocupantes del veh\u00edculo, entre ellos familiares del conductor.<\/p>\n\n\n\n<p>La persona lesionada fue trasladada para recibir atenci\u00f3n m\u00e9dica al Hospital IMSS Bienestar de Huamantla.<\/p>\n\n\n\n<p>Durante las labores, personal de Seguridad P\u00fablica apoy\u00f3 en las tareas de vialidad para permitir el flujo vehicular seguro, mientras se realizaban las maniobras de auxilio y resguardo.<\/p>\n\n\n\n<p>Posteriormente, arrib\u00f3 personal de la Guardia Nacional, quienes quedaron a cargo del hecho.<\/p>\n\n\n\n<p>El Gobierno Municipal de Huamantla reconoce y agradece la labor profesional y coordinada de los cuerpos de emergencia, quienes actuaron con prontitud y compromiso para salvaguardar la integridad de las personas involucradas.<\/p>\n\n\n\n<p>\u2e3b<\/p>\n\n\n\n<p>Comisar\u00eda de Seguridad P\u00fablica, Tr\u00e1nsito y Protecci\u00f3n Civil Municipal de Huamantla<br>\ud83d\udcf2 Para emergencias o reportes: 247 108 6423 | 247 127 6992<\/p>\n","protected":false},"excerpt":{"rendered":"<p>Elementos de Seguridad P\u00fablica, Tr\u00e1nsito y Protecci\u00f3n Civil de Huamantla atendieron de forma oportuna un accidente automovil\u00edstico registrado sobre la carretera federal M\u00e9xico\u2013Veracruz, a la altura de la comunidad de Cuauht\u00e9moc. En el lugar se localiz\u00f3 un veh\u00edculo volcado con un masculino en su interior, el cual fue rescatado por personal de Bomberos y atendido [&hellip;]<\/p>\n","protected":false},"author":9,"featured_media":96876,"comment_status":"open","ping_status":"open","sticky":false,"template":"","format":"standard","meta":{"om_disable_all_campaigns":false,"_monsterinsights_skip_tracking":false,"_monsterinsights_sitenote_active":false,"_monsterinsights_sitenote_note":"","_monsterinsights_sitenote_category":0,"jnews-multi-image_gallery":[],"jnews_single_post":{"format":"standard"},"jnews_primary_category":[],"footnotes":""},"categories":[1],"tags":[],"class_list":["post-96875","post","type-post","status-publish","format-standard","has-post-thumbnail","hentry","category-uncategorized"],"aioseo_notices":[],"_links":{"self":[{"href":"https:\/\/estado29.mx\/index.php?rest_route=\/wp\/v2\/posts\/96875","targetHints":{"allow":["GET"]}}],"collection":[{"href":"https:\/\/estado29.mx\/index.php?rest_route=\/wp\/v2\/posts"}],"about":[{"href":"https:\/\/estado29.mx\/index.php?rest_route=\/wp\/v2\/types\/post"}],"author":[{"embeddable":true,"href":"https:\/\/estado29.mx\/index.php?rest_route=\/wp\/v2\/users\/9"}],"replies":[{"embeddable":true,"href":"https:\/\/estado29.mx\/index.php?rest_route=%2Fwp%2Fv2%2Fcomments&post=96875"}],"version-history":[{"count":1,"href":"https:\/\/estado29.mx\/index.php?rest_route=\/wp\/v2\/posts\/96875\/revisions"}],"predecessor-version":[{"id":96877,"href":"https:\/\/estado29.mx\/index.php?rest_route=\/wp\/v2\/posts\/96875\/revisions\/96877"}],"wp:featuredmedia":[{"embeddable":true,"href":"https:\/\/estado29.mx\/index.php?rest_route=\/wp\/v2\/media\/96876"}],"wp:attachment":[{"href":"https:\/\/estado29.mx\/index.php?rest_route=%2Fwp%2Fv2%2Fmedia&parent=96875"}],"wp:term":[{"taxonomy":"category","embeddable":true,"href":"https:\/\/estado29.mx\/index.php?rest_route=%2Fwp%2Fv2%2Fcategories&post=96875"},{"taxonomy":"post_tag","embeddable":true,"href":"https:\/\/estado29.mx\/index.php?rest_route=%2Fwp%2Fv2%2Ftags&post=96875"}],"curies":[{"name":"wp","href":"https:\/\/api.w.org\/{rel}","templated":true}]}}