{"id":96896,"date":"2025-06-24T23:47:24","date_gmt":"2025-06-24T23:47:24","guid":{"rendered":"https:\/\/estado29.mx\/?p=96896"},"modified":"2025-06-24T23:49:16","modified_gmt":"2025-06-24T23:49:16","slug":"huamantla-formara-parte-de-la-ruta-de-la-carrera-ciclista-letape-tlaxcala-by-tour-de-france-habra-cierres-viales-este-domingo","status":"publish","type":"post","link":"https:\/\/estado29.mx\/?p=96896","title":{"rendered":"Huamantla formar\u00e1 parte de la ruta de la Carrera Ciclista L\u2019\u00c9tape Tlaxcala by Tour de France; habr\u00e1 cierres viales este domingo"},"content":{"rendered":"<figure class=\"wp-block-post-featured-image\"><img loading=\"lazy\" decoding=\"async\" width=\"2560\" height=\"2560\" src=\"https:\/\/estado29.mx\/wp-content\/uploads\/2025\/06\/WhatsApp-Image-2025-06-24-at-3.13.10-PM-scaled.jpeg\" class=\"attachment-post-thumbnail size-post-thumbnail wp-post-image\" alt=\"\" style=\"object-fit:cover;\" srcset=\"https:\/\/estado29.mx\/wp-content\/uploads\/2025\/06\/WhatsApp-Image-2025-06-24-at-3.13.10-PM-scaled.jpeg 2560w, https:\/\/estado29.mx\/wp-content\/uploads\/2025\/06\/WhatsApp-Image-2025-06-24-at-3.13.10-PM-300x300.jpeg 300w, https:\/\/estado29.mx\/wp-content\/uploads\/2025\/06\/WhatsApp-Image-2025-06-24-at-3.13.10-PM-1024x1024.jpeg 1024w, https:\/\/estado29.mx\/wp-content\/uploads\/2025\/06\/WhatsApp-Image-2025-06-24-at-3.13.10-PM-150x150.jpeg 150w, https:\/\/estado29.mx\/wp-content\/uploads\/2025\/06\/WhatsApp-Image-2025-06-24-at-3.13.10-PM-768x768.jpeg 768w, https:\/\/estado29.mx\/wp-content\/uploads\/2025\/06\/WhatsApp-Image-2025-06-24-at-3.13.10-PM-1536x1536.jpeg 1536w, https:\/\/estado29.mx\/wp-content\/uploads\/2025\/06\/WhatsApp-Image-2025-06-24-at-3.13.10-PM-2048x2048.jpeg 2048w, https:\/\/estado29.mx\/wp-content\/uploads\/2025\/06\/WhatsApp-Image-2025-06-24-at-3.13.10-PM-75x75.jpeg 75w, https:\/\/estado29.mx\/wp-content\/uploads\/2025\/06\/WhatsApp-Image-2025-06-24-at-3.13.10-PM-350x350.jpeg 350w, https:\/\/estado29.mx\/wp-content\/uploads\/2025\/06\/WhatsApp-Image-2025-06-24-at-3.13.10-PM-750x750.jpeg 750w, https:\/\/estado29.mx\/wp-content\/uploads\/2025\/06\/WhatsApp-Image-2025-06-24-at-3.13.10-PM-1140x1140.jpeg 1140w\" sizes=\"auto, (max-width: 2560px) 100vw, 2560px\" \/><\/figure>\n\n\n<p>Huamantla formar\u00e1 parte de la ruta de la Carrera Ciclista L\u2019\u00c9tape Tlaxcala by Tour de France; habr\u00e1 cierres viales este domingo<\/p>\n\n\n\n<p>El municipio de Huamantla ser\u00e1 parte de la ruta oficial de la Carrera Ciclista L\u2019\u00c9tape Tlaxcala by Tour de France, evento deportivo de talla internacional que se llevar\u00e1 a cabo este domingo 29 de junio, y que reunir\u00e1 a cientos de ciclistas de todo el pa\u00eds y del extranjero.<\/p>\n\n\n\n<p>En este sentido, se informa a la ciudadan\u00eda que, con motivo del paso de los participantes por territorio huamantleco, se implementar\u00e1 un operativo especial de tr\u00e1nsito y seguridad, por lo que habr\u00e1 cierres viales desde las 4:00 a.m. hasta las 11:00 a.m., en las zonas comprendidas dentro de la ruta establecida.<\/p>\n\n\n\n<p>El Gobierno Municipal hace un atento llamado a la poblaci\u00f3n para que tomen precauciones, planeen con anticipaci\u00f3n sus rutas de traslado y atiendan las indicaciones del personal de Tr\u00e1nsito Municipal y Protecci\u00f3n Civil, con el objetivo de garantizar la seguridad tanto de los participantes como de las y los habitantes.<\/p>\n\n\n\n<p>Adem\u00e1s, se informa que ya se encuentran disponibles los mapas de la ruta oficial a trav\u00e9s de las redes sociales, para consulta de toda la poblaci\u00f3n.<\/p>\n\n\n\n<p>Huamantla se suma con orgullo a este gran evento que posiciona a Tlaxcala como un referente del deporte, la organizaci\u00f3n y el turismo. La participaci\u00f3n de nuestro municipio es muestra del trabajo coordinado y del compromiso por seguir proyectando a Huamantla a nivel nacional e internacional.<\/p>\n","protected":false},"excerpt":{"rendered":"<p>Huamantla formar\u00e1 parte de la ruta de la Carrera Ciclista L\u2019\u00c9tape Tlaxcala by Tour de France; habr\u00e1 cierres viales este domingo El municipio de Huamantla ser\u00e1 parte de la ruta oficial de la Carrera Ciclista L\u2019\u00c9tape Tlaxcala by Tour de France, evento deportivo de talla internacional que se llevar\u00e1 a cabo este domingo 29 de [&hellip;]<\/p>\n","protected":false},"author":9,"featured_media":96897,"comment_status":"open","ping_status":"open","sticky":false,"template":"","format":"standard","meta":{"om_disable_all_campaigns":false,"_monsterinsights_skip_tracking":false,"_monsterinsights_sitenote_active":false,"_monsterinsights_sitenote_note":"","_monsterinsights_sitenote_category":0,"jnews-multi-image_gallery":[],"jnews_single_post":{"format":"standard"},"jnews_primary_category":[],"footnotes":""},"categories":[1],"tags":[],"class_list":["post-96896","post","type-post","status-publish","format-standard","has-post-thumbnail","hentry","category-uncategorized"],"aioseo_notices":[],"_links":{"self":[{"href":"https:\/\/estado29.mx\/index.php?rest_route=\/wp\/v2\/posts\/96896","targetHints":{"allow":["GET"]}}],"collection":[{"href":"https:\/\/estado29.mx\/index.php?rest_route=\/wp\/v2\/posts"}],"about":[{"href":"https:\/\/estado29.mx\/index.php?rest_route=\/wp\/v2\/types\/post"}],"author":[{"embeddable":true,"href":"https:\/\/estado29.mx\/index.php?rest_route=\/wp\/v2\/users\/9"}],"replies":[{"embeddable":true,"href":"https:\/\/estado29.mx\/index.php?rest_route=%2Fwp%2Fv2%2Fcomments&post=96896"}],"version-history":[{"count":2,"href":"https:\/\/estado29.mx\/index.php?rest_route=\/wp\/v2\/posts\/96896\/revisions"}],"predecessor-version":[{"id":96902,"href":"https:\/\/estado29.mx\/index.php?rest_route=\/wp\/v2\/posts\/96896\/revisions\/96902"}],"wp:featuredmedia":[{"embeddable":true,"href":"https:\/\/estado29.mx\/index.php?rest_route=\/wp\/v2\/media\/96897"}],"wp:attachment":[{"href":"https:\/\/estado29.mx\/index.php?rest_route=%2Fwp%2Fv2%2Fmedia&parent=96896"}],"wp:term":[{"taxonomy":"category","embeddable":true,"href":"https:\/\/estado29.mx\/index.php?rest_route=%2Fwp%2Fv2%2Fcategories&post=96896"},{"taxonomy":"post_tag","embeddable":true,"href":"https:\/\/estado29.mx\/index.php?rest_route=%2Fwp%2Fv2%2Ftags&post=96896"}],"curies":[{"name":"wp","href":"https:\/\/api.w.org\/{rel}","templated":true}]}}