{"id":96903,"date":"2025-06-24T23:51:13","date_gmt":"2025-06-24T23:51:13","guid":{"rendered":"https:\/\/estado29.mx\/?p=96903"},"modified":"2025-06-24T23:51:13","modified_gmt":"2025-06-24T23:51:13","slug":"egresados-de-enfermeria-uatx-juran-servir-con-vocacion-y-etica","status":"publish","type":"post","link":"https:\/\/estado29.mx\/?p=96903","title":{"rendered":"Egresados de Enfermer\u00eda UATx juran servir con vocaci\u00f3n y \u00e9tica"},"content":{"rendered":"<figure class=\"wp-block-post-featured-image\"><img loading=\"lazy\" decoding=\"async\" width=\"1184\" height=\"513\" src=\"https:\/\/estado29.mx\/wp-content\/uploads\/2025\/06\/WhatsApp-Image-2025-06-24-at-5.50.55-PM.jpeg\" class=\"attachment-post-thumbnail size-post-thumbnail wp-post-image\" alt=\"\" style=\"object-fit:cover;\" srcset=\"https:\/\/estado29.mx\/wp-content\/uploads\/2025\/06\/WhatsApp-Image-2025-06-24-at-5.50.55-PM.jpeg 1184w, https:\/\/estado29.mx\/wp-content\/uploads\/2025\/06\/WhatsApp-Image-2025-06-24-at-5.50.55-PM-300x130.jpeg 300w, https:\/\/estado29.mx\/wp-content\/uploads\/2025\/06\/WhatsApp-Image-2025-06-24-at-5.50.55-PM-1024x444.jpeg 1024w, https:\/\/estado29.mx\/wp-content\/uploads\/2025\/06\/WhatsApp-Image-2025-06-24-at-5.50.55-PM-768x333.jpeg 768w, https:\/\/estado29.mx\/wp-content\/uploads\/2025\/06\/WhatsApp-Image-2025-06-24-at-5.50.55-PM-750x325.jpeg 750w, https:\/\/estado29.mx\/wp-content\/uploads\/2025\/06\/WhatsApp-Image-2025-06-24-at-5.50.55-PM-1140x494.jpeg 1140w\" sizes=\"auto, (max-width: 1184px) 100vw, 1184px\" \/><\/figure>\n\n\n<p>\u00fc Preside Rector ceremonia de graduaci\u00f3n de 76 estudiantes<\/p>\n\n\n\n<p>Con la ceremonia del Paso de Luz y Juramento a la Enfermer\u00eda, que representa un compromiso de hermandad como gremio para ejercer la profesi\u00f3n con s\u00f3lidas bases \u00e9ticas, cient\u00edficas y human\u00edsticas, la Facultad de Ciencias de la Salud de la Universidad Aut\u00f3noma de Tlaxcala (UATx) llev\u00f3 a cabo la ceremonia de graduaci\u00f3n de 76 estudiantes de la Licenciatura en Enfermer\u00eda y Obstetricia, generaci\u00f3n 2021-2025.<\/p>\n\n\n\n<p>En el acto formal realizado en el Teatro Universitario, el Doctor Seraf\u00edn Ortiz Ortiz, Rector de la UATx, acompa\u00f1ado de la estructura directiva de la Instituci\u00f3n y de la Facultad, ante padres de familia y amistades de los egresados, sostuvo que esta Casa de Estudios se proyecta en el escenario nacional con un Modelo \u00fanico en su tipo que busca ser replicado por diversas Instituci\u00f3n de Educaci\u00f3n Superior del pa\u00eds, las cuales tienen el inter\u00e9s de poner al frente de la formaci\u00f3n profesional al humanismo.<\/p>\n\n\n\n<p>Asegur\u00f3 que desde la filosof\u00eda del Modelo Humanista Integrador Basado en Capacidades (MHIC) se atienden los valores y pautas de comportamiento social, por ello, reiter\u00f3 que la funci\u00f3n de la Universidad por un lado es civilizatoria y, por el otro, es culturizadora,<\/p>\n\n\n\n<p>Dijo a los graduados que egresan de una de las mejores universidades del pa\u00eds, porque desde las aulas los acad\u00e9micos con su talento, orientaci\u00f3n y pulso, les dotaron de conocimientos, habilidades y destrezas para que a trav\u00e9s del ejercicio de su profesi\u00f3n pongan en pr\u00e1ctica sus saberes y capacidades en beneficio de la sociedad.<\/p>\n\n\n\n<p>En tanto, el Doctor Jos\u00e9 Francisco Mauricio, Director de la Facultad de Ciencias de la Salud, expuso que la disciplina y la ciencia de la Enfermer\u00eda tiene como entrada al humanismo y la comprensi\u00f3n, porque van a brindar apoyo a las personas que lo requieren al pasar por momentos f\u00edsicos y mentales dif\u00edciles de su existencia, y los especialistas en la Enfermer\u00eda son el baluarte que propicia que su entorno sea diferente y de mejora para la salud.<\/p>\n","protected":false},"excerpt":{"rendered":"<p>\u00fc Preside Rector ceremonia de graduaci\u00f3n de 76 estudiantes Con la ceremonia del Paso de Luz y Juramento a la Enfermer\u00eda, que representa un compromiso de hermandad como gremio para ejercer la profesi\u00f3n con s\u00f3lidas bases \u00e9ticas, cient\u00edficas y human\u00edsticas, la Facultad de Ciencias de la Salud de la Universidad Aut\u00f3noma de Tlaxcala (UATx) llev\u00f3 [&hellip;]<\/p>\n","protected":false},"author":9,"featured_media":96904,"comment_status":"open","ping_status":"open","sticky":false,"template":"","format":"standard","meta":{"om_disable_all_campaigns":false,"_monsterinsights_skip_tracking":false,"_monsterinsights_sitenote_active":false,"_monsterinsights_sitenote_note":"","_monsterinsights_sitenote_category":0,"jnews-multi-image_gallery":[],"jnews_single_post":{"format":"standard"},"jnews_primary_category":[],"footnotes":""},"categories":[1],"tags":[],"class_list":["post-96903","post","type-post","status-publish","format-standard","has-post-thumbnail","hentry","category-uncategorized"],"aioseo_notices":[],"_links":{"self":[{"href":"https:\/\/estado29.mx\/index.php?rest_route=\/wp\/v2\/posts\/96903","targetHints":{"allow":["GET"]}}],"collection":[{"href":"https:\/\/estado29.mx\/index.php?rest_route=\/wp\/v2\/posts"}],"about":[{"href":"https:\/\/estado29.mx\/index.php?rest_route=\/wp\/v2\/types\/post"}],"author":[{"embeddable":true,"href":"https:\/\/estado29.mx\/index.php?rest_route=\/wp\/v2\/users\/9"}],"replies":[{"embeddable":true,"href":"https:\/\/estado29.mx\/index.php?rest_route=%2Fwp%2Fv2%2Fcomments&post=96903"}],"version-history":[{"count":1,"href":"https:\/\/estado29.mx\/index.php?rest_route=\/wp\/v2\/posts\/96903\/revisions"}],"predecessor-version":[{"id":96905,"href":"https:\/\/estado29.mx\/index.php?rest_route=\/wp\/v2\/posts\/96903\/revisions\/96905"}],"wp:featuredmedia":[{"embeddable":true,"href":"https:\/\/estado29.mx\/index.php?rest_route=\/wp\/v2\/media\/96904"}],"wp:attachment":[{"href":"https:\/\/estado29.mx\/index.php?rest_route=%2Fwp%2Fv2%2Fmedia&parent=96903"}],"wp:term":[{"taxonomy":"category","embeddable":true,"href":"https:\/\/estado29.mx\/index.php?rest_route=%2Fwp%2Fv2%2Fcategories&post=96903"},{"taxonomy":"post_tag","embeddable":true,"href":"https:\/\/estado29.mx\/index.php?rest_route=%2Fwp%2Fv2%2Ftags&post=96903"}],"curies":[{"name":"wp","href":"https:\/\/api.w.org\/{rel}","templated":true}]}}