{"id":96906,"date":"2025-06-24T23:54:26","date_gmt":"2025-06-24T23:54:26","guid":{"rendered":"https:\/\/estado29.mx\/?p=96906"},"modified":"2025-06-24T23:54:26","modified_gmt":"2025-06-24T23:54:26","slug":"inaugura-rector-de-la-uatx-%f0%9d%90%92%f0%9d%90%9e%f0%9d%90%a6%f0%9d%90%a2%f0%9d%90%a7%f0%9d%90%9a%f0%9d%90%ab%f0%9d%90%a2%f0%9d%90%a8-%f0%9d%90%9d%f0%9d%90%9e-%f0%9d%90%85%f0%9d%90%a8%f0%9d%90%ab","status":"publish","type":"post","link":"https:\/\/estado29.mx\/?p=96906","title":{"rendered":"Inaugura Rector de la UATx \ud835\udc12\ud835\udc1e\ud835\udc26\ud835\udc22\ud835\udc27\ud835\udc1a\ud835\udc2b\ud835\udc22\ud835\udc28 \ud835\udc1d\ud835\udc1e \ud835\udc05\ud835\udc28\ud835\udc2b\ud835\udc26\ud835\udc1a\ud835\udc1c\ud835\udc22\ud835\udc28\u0301\ud835\udc27 \ud835\udc29\ud835\udc1a\ud835\udc2b\ud835\udc1a \ud835\udc02\ud835\udc28\ud835\udc28\ud835\udc2b\ud835\udc1d\ud835\udc22\ud835\udc27\ud835\udc1a\ud835\udc1d\ud835\udc28\ud835\udc2b\ud835\udc1e\ud835\udc2c \ud835\udc1d\ud835\udc1e \ud835\udc0f\ud835\udc2b\ud835\udc28\ud835\udc20\ud835\udc2b\ud835\udc1a\ud835\udc26\ud835\udc1a\ud835\udc2c \ud835\udc00\ud835\udc1c\ud835\udc1a\ud835\udc1d\ud835\udc1e\u0301\ud835\udc26\ud835\udc22\ud835\udc1c\ud835\udc28\ud835\udc2c"},"content":{"rendered":"<figure class=\"wp-block-post-featured-image\"><img loading=\"lazy\" decoding=\"async\" width=\"1158\" height=\"691\" src=\"https:\/\/estado29.mx\/wp-content\/uploads\/2025\/06\/WhatsApp-Image-2025-06-24-at-5.54.10-PM.jpeg\" class=\"attachment-post-thumbnail size-post-thumbnail wp-post-image\" alt=\"\" style=\"object-fit:cover;\" srcset=\"https:\/\/estado29.mx\/wp-content\/uploads\/2025\/06\/WhatsApp-Image-2025-06-24-at-5.54.10-PM.jpeg 1158w, https:\/\/estado29.mx\/wp-content\/uploads\/2025\/06\/WhatsApp-Image-2025-06-24-at-5.54.10-PM-300x179.jpeg 300w, https:\/\/estado29.mx\/wp-content\/uploads\/2025\/06\/WhatsApp-Image-2025-06-24-at-5.54.10-PM-1024x611.jpeg 1024w, https:\/\/estado29.mx\/wp-content\/uploads\/2025\/06\/WhatsApp-Image-2025-06-24-at-5.54.10-PM-768x458.jpeg 768w, https:\/\/estado29.mx\/wp-content\/uploads\/2025\/06\/WhatsApp-Image-2025-06-24-at-5.54.10-PM-750x448.jpeg 750w, https:\/\/estado29.mx\/wp-content\/uploads\/2025\/06\/WhatsApp-Image-2025-06-24-at-5.54.10-PM-1140x680.jpeg 1140w\" sizes=\"auto, (max-width: 1158px) 100vw, 1158px\" \/><\/figure>\n\n\n<p>\u00fc As\u00ed comienzan las Jornadas de Profesionalizaci\u00f3n Docente Oto\u00f1o 2025<\/p>\n\n\n\n<p>Para fortalecer conocimientos y experiencias en temas como estructura curricular, cultura de paz, autoevaluaci\u00f3n e igualdad de g\u00e9nero, entre otros aspectos, inici\u00f3 el \ud835\udc12\ud835\udc1e\ud835\udc26\ud835\udc22\ud835\udc27\ud835\udc1a\ud835\udc2b\ud835\udc22\ud835\udc28 \ud835\udc1d\ud835\udc1e \ud835\udc05\ud835\udc28\ud835\udc2b\ud835\udc26\ud835\udc1a\ud835\udc1c\ud835\udc22\ud835\udc28\u0301\ud835\udc27 \ud835\udc29\ud835\udc1a\ud835\udc2b\ud835\udc1a \ud835\udc02\ud835\udc28\ud835\udc28\ud835\udc2b\ud835\udc1d\ud835\udc22\ud835\udc27\ud835\udc1a\ud835\udc1d\ud835\udc28\ud835\udc2b\ud835\udc1e\ud835\udc2c \ud835\udc1d\ud835\udc1e \ud835\udc0f\ud835\udc2b\ud835\udc28\ud835\udc20\ud835\udc2b\ud835\udc1a\ud835\udc26\ud835\udc1a\ud835\udc2c \ud835\udc00\ud835\udc1c\ud835\udc1a\ud835\udc1d\ud835\udc1e\u0301\ud835\udc26\ud835\udc22\ud835\udc1c\ud835\udc28\ud835\udc2c que est\u00e1 dirigido a 63 coordinadores de licenciatura de la Universidad Aut\u00f3noma de Tlaxcala (UATx). Al inaugurar los trabajos, el Rector, Doctor Seraf\u00edn Ortiz Ortiz, destac\u00f3 que los coordinadores acad\u00e9micos desempe\u00f1an un papel clave en la implementaci\u00f3n y consolidaci\u00f3n del Modelo Humanista Integrador basado en Capacidades (MHIC), por ser el primer contacto con estudiantes, docentes y procesos educativos institucionales.<\/p>\n\n\n\n<p>El Doctor Ortiz agreg\u00f3 que en los \u00faltimos a\u00f1os la Universidad ha vivido una transformaci\u00f3n aut\u00e9ntica y profunda, gracias a la implementaci\u00f3n del MHIC, un modelo educativo propio que forma ciudadanos con valores, \u00e9tica y elevado compromiso social en correspondencia con su funci\u00f3n civilizatoria; y en cuanto a la funci\u00f3n culturizaci\u00f3n global, a trav\u00e9s de ella el individuo es un agente activo en la difusi\u00f3n del conocimiento y la cultura a nivel nacional e internacional.<\/p>\n\n\n\n<p>En otro momento de su intervenci\u00f3n, el Rector conmin\u00f3 a los coordinadores a seguir capacit\u00e1ndose y a conocer a profundidad la normatividad de la Universidad para orientar correctamente a los estudiantes sobre sus procesos educativos.<\/p>\n\n\n\n<p>Por su parte, el Maestro Alejandro Palma Su\u00e1rez, Secretario Acad\u00e9mico, invit\u00f3 a los coordinadores a compartir, construir y cuestionar como parte de la din\u00e1mica de este ejercicio colectivo, que es la clave para seguir haciendo de la Universidad un espacio de excelencia y de compromiso con la sociedad, en un proceso enriquecedor y transformador.<\/p>\n\n\n\n<p>A su vez, el Maestro Rodrigo V\u00e1zquez Haro, Jefe de la Unidad Institucional de Profesionalizaci\u00f3n Docente de la Secretar\u00eda Acad\u00e9mica, puntualiz\u00f3 que la formaci\u00f3n docente es un eje esencial para instrumentar las nuevas propuestas educativas y curriculares, considerando que los coordinadores juegan un papel importante para ofrecer una formaci\u00f3n desde el humanismo, el respeto a la dignidad humana, la justicia social y la inclusi\u00f3n.<\/p>\n\n\n\n<p><\/p>\n","protected":false},"excerpt":{"rendered":"<p>\u00fc As\u00ed comienzan las Jornadas de Profesionalizaci\u00f3n Docente Oto\u00f1o 2025 Para fortalecer conocimientos y experiencias en temas como estructura curricular, cultura de paz, autoevaluaci\u00f3n e igualdad de g\u00e9nero, entre otros aspectos, inici\u00f3 el \ud835\udc12\ud835\udc1e\ud835\udc26\ud835\udc22\ud835\udc27\ud835\udc1a\ud835\udc2b\ud835\udc22\ud835\udc28 \ud835\udc1d\ud835\udc1e \ud835\udc05\ud835\udc28\ud835\udc2b\ud835\udc26\ud835\udc1a\ud835\udc1c\ud835\udc22\ud835\udc28\u0301\ud835\udc27 \ud835\udc29\ud835\udc1a\ud835\udc2b\ud835\udc1a \ud835\udc02\ud835\udc28\ud835\udc28\ud835\udc2b\ud835\udc1d\ud835\udc22\ud835\udc27\ud835\udc1a\ud835\udc1d\ud835\udc28\ud835\udc2b\ud835\udc1e\ud835\udc2c \ud835\udc1d\ud835\udc1e \ud835\udc0f\ud835\udc2b\ud835\udc28\ud835\udc20\ud835\udc2b\ud835\udc1a\ud835\udc26\ud835\udc1a\ud835\udc2c \ud835\udc00\ud835\udc1c\ud835\udc1a\ud835\udc1d\ud835\udc1e\u0301\ud835\udc26\ud835\udc22\ud835\udc1c\ud835\udc28\ud835\udc2c que est\u00e1 dirigido a 63 coordinadores de licenciatura de la Universidad Aut\u00f3noma de Tlaxcala [&hellip;]<\/p>\n","protected":false},"author":9,"featured_media":96907,"comment_status":"open","ping_status":"open","sticky":false,"template":"","format":"standard","meta":{"om_disable_all_campaigns":false,"_monsterinsights_skip_tracking":false,"_monsterinsights_sitenote_active":false,"_monsterinsights_sitenote_note":"","_monsterinsights_sitenote_category":0,"jnews-multi-image_gallery":[],"jnews_single_post":{"format":"standard"},"jnews_primary_category":[],"footnotes":""},"categories":[1],"tags":[],"class_list":["post-96906","post","type-post","status-publish","format-standard","has-post-thumbnail","hentry","category-uncategorized"],"aioseo_notices":[],"_links":{"self":[{"href":"https:\/\/estado29.mx\/index.php?rest_route=\/wp\/v2\/posts\/96906","targetHints":{"allow":["GET"]}}],"collection":[{"href":"https:\/\/estado29.mx\/index.php?rest_route=\/wp\/v2\/posts"}],"about":[{"href":"https:\/\/estado29.mx\/index.php?rest_route=\/wp\/v2\/types\/post"}],"author":[{"embeddable":true,"href":"https:\/\/estado29.mx\/index.php?rest_route=\/wp\/v2\/users\/9"}],"replies":[{"embeddable":true,"href":"https:\/\/estado29.mx\/index.php?rest_route=%2Fwp%2Fv2%2Fcomments&post=96906"}],"version-history":[{"count":1,"href":"https:\/\/estado29.mx\/index.php?rest_route=\/wp\/v2\/posts\/96906\/revisions"}],"predecessor-version":[{"id":96908,"href":"https:\/\/estado29.mx\/index.php?rest_route=\/wp\/v2\/posts\/96906\/revisions\/96908"}],"wp:featuredmedia":[{"embeddable":true,"href":"https:\/\/estado29.mx\/index.php?rest_route=\/wp\/v2\/media\/96907"}],"wp:attachment":[{"href":"https:\/\/estado29.mx\/index.php?rest_route=%2Fwp%2Fv2%2Fmedia&parent=96906"}],"wp:term":[{"taxonomy":"category","embeddable":true,"href":"https:\/\/estado29.mx\/index.php?rest_route=%2Fwp%2Fv2%2Fcategories&post=96906"},{"taxonomy":"post_tag","embeddable":true,"href":"https:\/\/estado29.mx\/index.php?rest_route=%2Fwp%2Fv2%2Ftags&post=96906"}],"curies":[{"name":"wp","href":"https:\/\/api.w.org\/{rel}","templated":true}]}}