{"id":96912,"date":"2025-06-24T23:57:55","date_gmt":"2025-06-24T23:57:55","guid":{"rendered":"https:\/\/estado29.mx\/?p=96912"},"modified":"2025-06-24T23:57:56","modified_gmt":"2025-06-24T23:57:56","slug":"cigya-uatx-realiza-segundo-tequio-en-el-%f0%9d%90%82%f0%9d%90%9e%f0%9d%90%ab%f0%9d%90%ab%f0%9d%90%a8-%f0%9d%90%9d%f0%9d%90%9e-%f0%9d%90%92%f0%9d%90%9a%f0%9d%90%a7-%f0%9d%90%86%f0%9d%90%ab%f0%9d%90%9e","status":"publish","type":"post","link":"https:\/\/estado29.mx\/?p=96912","title":{"rendered":"CIGyA-UATx realiza segundo tequio en el \ud835\udc02\ud835\udc1e\ud835\udc2b\ud835\udc2b\ud835\udc28 \ud835\udc1d\ud835\udc1e \ud835\udc12\ud835\udc1a\ud835\udc27 \ud835\udc06\ud835\udc2b\ud835\udc1e\ud835\udc20\ud835\udc28\ud835\udc2b\ud835\udc22\ud835\udc28 en San Diego Metepec"},"content":{"rendered":"<figure class=\"wp-block-post-featured-image\"><img loading=\"lazy\" decoding=\"async\" width=\"600\" height=\"445\" src=\"https:\/\/estado29.mx\/wp-content\/uploads\/2025\/06\/19-Convoca-CIGyA-UATx-al-segundo-tequio-en-San-Diego-Metepec.webp\" class=\"attachment-post-thumbnail size-post-thumbnail wp-post-image\" alt=\"\" style=\"object-fit:cover;\" srcset=\"https:\/\/estado29.mx\/wp-content\/uploads\/2025\/06\/19-Convoca-CIGyA-UATx-al-segundo-tequio-en-San-Diego-Metepec.webp 600w, https:\/\/estado29.mx\/wp-content\/uploads\/2025\/06\/19-Convoca-CIGyA-UATx-al-segundo-tequio-en-San-Diego-Metepec-300x223.webp 300w\" sizes=\"auto, (max-width: 600px) 100vw, 600px\" \/><\/figure>\n\n\n<p>Lo que era una zona \u00e1rida tepetatosa se ha ido convirtiendo en un espacio con \u00e1rboles y plantas nativas de la zona que generan resultados positivos para todo el ecosistema del \ud835\udc02\ud835\udc1e\ud835\udc2b\ud835\udc2b\ud835\udc28 \ud835\udc1d\ud835\udc1e \ud835\udc12\ud835\udc1a\ud835\udc27 \ud835\udc06\ud835\udc2b\ud835\udc1e\ud835\udc20\ud835\udc28\ud835\udc2b\ud835\udc22\ud835\udc28 en la comunidad de San Diego Metepec, lugar en el que se realiz\u00f3 el \ud835\udc12\ud835\udc1e\ud835\udc20\ud835\udc2e\ud835\udc27\ud835\udc1d\ud835\udc28 \ud835\udc13\ud835\udc1e\ud835\udc2a\ud835\udc2e\ud835\udc22\ud835\udc28 \ud835\udc29\ud835\udc28\ud835\udc2b \ud835\udc1e\ud835\udc25 \ud835\udc00\ud835\udc26\ud835\udc1b\ud835\udc22\ud835\udc1e\ud835\udc27\ud835\udc2d\ud835\udc1e, convocado por el Centro de Investigaci\u00f3n en Gen\u00e9tica y Ambiente y la presidencia de comunidad.<\/p>\n\n\n\n<p>A cuatro a\u00f1os de que iniciaran las primeras acciones que impuls\u00f3 el grupo de investigadores que desarrollan la L\u00ednea de Generaci\u00f3n y Aplicaci\u00f3n del Conocimiento &#8220;Estudio y Manejo de Ecosistemas&#8221; del CIGyA, con el liderazgo del Dr. Oscar V\u00e1zquez, la Dra. Elizabeth Garc\u00eda, la colaboraci\u00f3n de la Asociaci\u00f3n Civil Tlalli Atoktli, as\u00ed como estudiantes y docentes, hoy ha germinado.<\/p>\n\n\n\n<p>Escuchamos al Dr. Oscar V\u00e1zquez.<\/p>\n\n\n\n<p>Insert Oscar V\u00e1zquez.<\/p>\n\n\n\n<p>Cabe se\u00f1alar que a pesar del temporal de lluvias, todos los asistentes participaron con entusiasmo y dedicaci\u00f3n en esta noble tarea.<\/p>\n\n\n\n<p>Este esfuerzo colectivo que encabeza la comunidad universitaria de la Maestr\u00eda en Ciencias en Sistemas del Ambiente del Centro de Investigaci\u00f3n en Gen\u00e9tica y Ambiente UAT y la presidencia de comunidad de San Diego Metepec repercutir\u00e1 en un mejor ecosistema para la flora y la fauna nativas de la regi\u00f3n.<\/p>\n","protected":false},"excerpt":{"rendered":"<p>Lo que era una zona \u00e1rida tepetatosa se ha ido convirtiendo en un espacio con \u00e1rboles y plantas nativas de la zona que generan resultados positivos para todo el ecosistema del \ud835\udc02\ud835\udc1e\ud835\udc2b\ud835\udc2b\ud835\udc28 \ud835\udc1d\ud835\udc1e \ud835\udc12\ud835\udc1a\ud835\udc27 \ud835\udc06\ud835\udc2b\ud835\udc1e\ud835\udc20\ud835\udc28\ud835\udc2b\ud835\udc22\ud835\udc28 en la comunidad de San Diego Metepec, lugar en el que se realiz\u00f3 el \ud835\udc12\ud835\udc1e\ud835\udc20\ud835\udc2e\ud835\udc27\ud835\udc1d\ud835\udc28 \ud835\udc13\ud835\udc1e\ud835\udc2a\ud835\udc2e\ud835\udc22\ud835\udc28 \ud835\udc29\ud835\udc28\ud835\udc2b \ud835\udc1e\ud835\udc25 \ud835\udc00\ud835\udc26\ud835\udc1b\ud835\udc22\ud835\udc1e\ud835\udc27\ud835\udc2d\ud835\udc1e, convocado [&hellip;]<\/p>\n","protected":false},"author":9,"featured_media":96913,"comment_status":"open","ping_status":"open","sticky":false,"template":"","format":"standard","meta":{"om_disable_all_campaigns":false,"_monsterinsights_skip_tracking":false,"_monsterinsights_sitenote_active":false,"_monsterinsights_sitenote_note":"","_monsterinsights_sitenote_category":0,"jnews-multi-image_gallery":[],"jnews_single_post":{"format":"standard"},"jnews_primary_category":[],"footnotes":""},"categories":[1],"tags":[],"class_list":["post-96912","post","type-post","status-publish","format-standard","has-post-thumbnail","hentry","category-uncategorized"],"aioseo_notices":[],"_links":{"self":[{"href":"https:\/\/estado29.mx\/index.php?rest_route=\/wp\/v2\/posts\/96912","targetHints":{"allow":["GET"]}}],"collection":[{"href":"https:\/\/estado29.mx\/index.php?rest_route=\/wp\/v2\/posts"}],"about":[{"href":"https:\/\/estado29.mx\/index.php?rest_route=\/wp\/v2\/types\/post"}],"author":[{"embeddable":true,"href":"https:\/\/estado29.mx\/index.php?rest_route=\/wp\/v2\/users\/9"}],"replies":[{"embeddable":true,"href":"https:\/\/estado29.mx\/index.php?rest_route=%2Fwp%2Fv2%2Fcomments&post=96912"}],"version-history":[{"count":1,"href":"https:\/\/estado29.mx\/index.php?rest_route=\/wp\/v2\/posts\/96912\/revisions"}],"predecessor-version":[{"id":96914,"href":"https:\/\/estado29.mx\/index.php?rest_route=\/wp\/v2\/posts\/96912\/revisions\/96914"}],"wp:featuredmedia":[{"embeddable":true,"href":"https:\/\/estado29.mx\/index.php?rest_route=\/wp\/v2\/media\/96913"}],"wp:attachment":[{"href":"https:\/\/estado29.mx\/index.php?rest_route=%2Fwp%2Fv2%2Fmedia&parent=96912"}],"wp:term":[{"taxonomy":"category","embeddable":true,"href":"https:\/\/estado29.mx\/index.php?rest_route=%2Fwp%2Fv2%2Fcategories&post=96912"},{"taxonomy":"post_tag","embeddable":true,"href":"https:\/\/estado29.mx\/index.php?rest_route=%2Fwp%2Fv2%2Ftags&post=96912"}],"curies":[{"name":"wp","href":"https:\/\/api.w.org\/{rel}","templated":true}]}}