{"id":96918,"date":"2025-06-25T00:07:08","date_gmt":"2025-06-25T00:07:08","guid":{"rendered":"https:\/\/estado29.mx\/?p=96918"},"modified":"2025-06-25T00:07:08","modified_gmt":"2025-06-25T00:07:08","slug":"inicia-el-censo-se-bienestar-en-los-municipios-afectados-por-el-huracan-erick-en-oaxaca-y-guerrero","status":"publish","type":"post","link":"https:\/\/estado29.mx\/?p=96918","title":{"rendered":"Inicia el censo se bienestar en los municipios afectados por el hurac\u00e1n Erick en Oaxaca y Guerrero."},"content":{"rendered":"<figure class=\"wp-block-post-featured-image\"><img loading=\"lazy\" decoding=\"async\" width=\"1280\" height=\"853\" src=\"https:\/\/estado29.mx\/wp-content\/uploads\/2025\/06\/WhatsApp-Image-2025-06-23-at-10.56.47-AM.jpeg\" class=\"attachment-post-thumbnail size-post-thumbnail wp-post-image\" alt=\"\" style=\"object-fit:cover;\" srcset=\"https:\/\/estado29.mx\/wp-content\/uploads\/2025\/06\/WhatsApp-Image-2025-06-23-at-10.56.47-AM.jpeg 1280w, https:\/\/estado29.mx\/wp-content\/uploads\/2025\/06\/WhatsApp-Image-2025-06-23-at-10.56.47-AM-300x200.jpeg 300w, https:\/\/estado29.mx\/wp-content\/uploads\/2025\/06\/WhatsApp-Image-2025-06-23-at-10.56.47-AM-1024x682.jpeg 1024w, https:\/\/estado29.mx\/wp-content\/uploads\/2025\/06\/WhatsApp-Image-2025-06-23-at-10.56.47-AM-768x512.jpeg 768w, https:\/\/estado29.mx\/wp-content\/uploads\/2025\/06\/WhatsApp-Image-2025-06-23-at-10.56.47-AM-750x500.jpeg 750w, https:\/\/estado29.mx\/wp-content\/uploads\/2025\/06\/WhatsApp-Image-2025-06-23-at-10.56.47-AM-1140x760.jpeg 1140w\" sizes=\"auto, (max-width: 1280px) 100vw, 1280px\" \/><\/figure>\n\n\n<p>M\u00e1s de mil servidores de la naci\u00f3n realizan el Censo Casa por Casa para evaluar los<br>da\u00f1os del fen\u00f3meno meteorol\u00f3gico<br><br>Instala Bienestar, Centro de Operaciones en Oaxaca y Guerrero por instrucciones de la Presidenta Claudia Sheinbaum Pardo, la secretaria de Bienestar, Ariadna Montiel Reyes, inform\u00f3 que, desde las primeras horas de la entrada del hurac\u00e1n Erick en las costas de Oaxaca y Guerrero, se traslad\u00f3 a la zona impactada por el hurac\u00e1n para encabezar y coordinar las brigadas de servidores de la naci\u00f3n que acudieron de todos los estados de la Rep\u00fablica para realizar el Censo de Bienestar Casa por Casa y evaluar las afectaciones a viviendas, cultivos y comercios.<br><\/p>\n\n\n\n<p>La secretaria de Bienestar inform\u00f3 que, servidores p\u00fablicos de las \u00e1reas centrales de la Secretar\u00eda de Bienestar y de las Delegaciones de Programas para el Bienestar de todos los estados, se encuentran en Oaxaca y Guerrero donde se instalaron los Centros de Operaciones, como parte del Programa para el Bienestar de las Personas en Emergencia Social o Natural (PESN).<\/p>\n\n\n\n<p><br>Montiel Reyes precis\u00f3 que m\u00e1s de mil servidores de la naci\u00f3n recorren los municipios afectados para visitar los domicilios y realizar el censo de bienestar, asimismo, colocan la etiqueta de vivienda censada a la vista del inmueble.<\/p>\n\n\n\n<p><br>Finalmente, la secretaria exhort\u00f3 a la poblaci\u00f3n a permanecer en sus domicilios para esperar a la brigada de servidores de la naci\u00f3n que llegar\u00e1 a realizar el Censo, de ser posible tener a la mano identificaci\u00f3n oficial y CURP, as\u00ed como a mantenerse informado a trav\u00e9s de las redes sociales institucionales o en la p\u00e1gina de la Secretar\u00eda de Bienestar: gob.mx\/bienestar  Av. Paseo de la Reforma 116, Col. Ju\u00e1rez, 06600 Ciudad de M\u00e9xico. Tel: (55) 5328 5000 www.gob.mx\/bienestar<br>Los servidores de la naci\u00f3n que recorren los domicilios se encuentran plenamente identificados con su gafete de la Secretar\u00eda de Bienestar que portan a la vista.<\/p>\n","protected":false},"excerpt":{"rendered":"<p>M\u00e1s de mil servidores de la naci\u00f3n realizan el Censo Casa por Casa para evaluar losda\u00f1os del fen\u00f3meno meteorol\u00f3gico Instala Bienestar, Centro de Operaciones en Oaxaca y Guerrero por instrucciones de la Presidenta Claudia Sheinbaum Pardo, la secretaria de Bienestar, Ariadna Montiel Reyes, inform\u00f3 que, desde las primeras horas de la entrada del hurac\u00e1n Erick [&hellip;]<\/p>\n","protected":false},"author":9,"featured_media":96919,"comment_status":"open","ping_status":"open","sticky":false,"template":"","format":"standard","meta":{"om_disable_all_campaigns":false,"_monsterinsights_skip_tracking":false,"_monsterinsights_sitenote_active":false,"_monsterinsights_sitenote_note":"","_monsterinsights_sitenote_category":0,"jnews-multi-image_gallery":[],"jnews_single_post":{"format":"standard"},"jnews_primary_category":[],"footnotes":""},"categories":[1],"tags":[],"class_list":["post-96918","post","type-post","status-publish","format-standard","has-post-thumbnail","hentry","category-uncategorized"],"aioseo_notices":[],"_links":{"self":[{"href":"https:\/\/estado29.mx\/index.php?rest_route=\/wp\/v2\/posts\/96918","targetHints":{"allow":["GET"]}}],"collection":[{"href":"https:\/\/estado29.mx\/index.php?rest_route=\/wp\/v2\/posts"}],"about":[{"href":"https:\/\/estado29.mx\/index.php?rest_route=\/wp\/v2\/types\/post"}],"author":[{"embeddable":true,"href":"https:\/\/estado29.mx\/index.php?rest_route=\/wp\/v2\/users\/9"}],"replies":[{"embeddable":true,"href":"https:\/\/estado29.mx\/index.php?rest_route=%2Fwp%2Fv2%2Fcomments&post=96918"}],"version-history":[{"count":1,"href":"https:\/\/estado29.mx\/index.php?rest_route=\/wp\/v2\/posts\/96918\/revisions"}],"predecessor-version":[{"id":96920,"href":"https:\/\/estado29.mx\/index.php?rest_route=\/wp\/v2\/posts\/96918\/revisions\/96920"}],"wp:featuredmedia":[{"embeddable":true,"href":"https:\/\/estado29.mx\/index.php?rest_route=\/wp\/v2\/media\/96919"}],"wp:attachment":[{"href":"https:\/\/estado29.mx\/index.php?rest_route=%2Fwp%2Fv2%2Fmedia&parent=96918"}],"wp:term":[{"taxonomy":"category","embeddable":true,"href":"https:\/\/estado29.mx\/index.php?rest_route=%2Fwp%2Fv2%2Fcategories&post=96918"},{"taxonomy":"post_tag","embeddable":true,"href":"https:\/\/estado29.mx\/index.php?rest_route=%2Fwp%2Fv2%2Ftags&post=96918"}],"curies":[{"name":"wp","href":"https:\/\/api.w.org\/{rel}","templated":true}]}}