{"id":96927,"date":"2025-06-25T13:41:50","date_gmt":"2025-06-25T13:41:50","guid":{"rendered":"https:\/\/estado29.mx\/?p=96927"},"modified":"2025-06-25T13:41:51","modified_gmt":"2025-06-25T13:41:51","slug":"encabeza-gobernadora-la-quinta-entrega-de-resoluciones-de-actas-de-nacimiento-a-adultos-mayores","status":"publish","type":"post","link":"https:\/\/estado29.mx\/?p=96927","title":{"rendered":"Encabeza gobernadora la quinta entrega de resoluciones de actas de nacimiento a adultos mayores"},"content":{"rendered":"\n<p><\/p>\n\n\n\n<p>*Junto con la presidenta honor\u00edfica del Comit\u00e9 Consultivo de Bienestar, Fernanda Espinosa de los Monteros Cu\u00e9llar, la mandataria atestigu\u00f3 la firma del convenio para la gratuidad de los tr\u00e1mites Inherentes a las Actas de Nacimiento de Personas con Discapacidad<\/p>\n\n\n\n<p>La gobernadora Lorena Cu\u00e9llar Cisneros y la presidenta honor\u00edfica del Comit\u00e9 Consultivo de Bienestar y Desarrollo Social, Fernanda Espinosa de los Monteros Cu\u00e9llar, encabezaron la quinta entrega de resoluciones de aclaraciones de actas de nacimiento a personas mayores de 60 a\u00f1os.<\/p>\n\n\n\n<p>Adem\u00e1s, la mandataria estatal atestigu\u00f3 la firma del Convenio para la Gratuidad de los Tr\u00e1mites Inherentes a las Actas de Nacimiento de las Personas con Discapacidad.<\/p>\n\n\n\n<p>\u201cDurante los recorridos que realic\u00e9 por muchos a\u00f1os antes de ser gobernadora, recuerdo a muchas personas adultas mayores con estos problemas. Lamentablemente hacer esos cambios en sus actas de nacimiento representaba un gasto de dinero, esfuerzo y tiempo, ya que implicaba promover juicios, pagar abogados, y mucha gente no pod\u00eda hacerlo\u201d, explic\u00f3 la titular del Ejecutivo.<\/p>\n\n\n\n<p>En el Sal\u00f3n Rojo del Palacio de Gobierno, tras la entrega simb\u00f3lica de cuatro resoluciones, Cu\u00e9llar Cisneros destac\u00f3 que contar con un acta de nacimiento hace la diferencia en la vida de las personas adultas mayores, ya que les permite acceder a servicios de salud, programas sociales y, sobre todo, contar con seguridad jur\u00eddica.<\/p>\n\n\n\n<p>\u201cQuienes hoy servimos a Tlaxcala, la vida nos dio la oportunidad de estar aqu\u00ed para ayudarles, para tomarles de la mano y resolver con mayor rapidez esos asuntos que son importantes para ustedes\u201d, puntualiz\u00f3.<\/p>\n\n\n\n<p>La presidenta honor\u00edfica del Comit\u00e9 Consultivo de Bienestar y Desarrollo Social, Mar\u00eda Fernanda Espinosa de los Monteros Cu\u00e9llar, subray\u00f3 que este tipo de acciones no solo representan un acto de justicia, sino tambi\u00e9n de inclusi\u00f3n para personas adultas mayores y con discapacidad.<\/p>\n\n\n\n<p>\u201cCon este acuerdo, reafirmamos que la discapacidad no debe ser motivo de exclusi\u00f3n, sino de atenci\u00f3n prioritaria y sensible por parte del Estado. Asimismo, realizamos la quinta entrega de resoluciones en el marco del convenio en materia de aclaraciones administrativas de actas de nacimiento para personas mayores de 60 a\u00f1os. Esta acci\u00f3n permite saldar deudas hist\u00f3ricas y garantizar el acceso a servicios, derechos y apoyos con documentaci\u00f3n en orden\u201d, se\u00f1al\u00f3.<\/p>\n\n\n\n<p>En su mensaje, el coordinador general del Registro Civil del Estado, V\u00edctor Hugo Mena Hern\u00e1ndez, detall\u00f3 que, en atenci\u00f3n a la instrucci\u00f3n de Cu\u00e9llar Cisneros, la dependencia cuenta con 28 convenios de colaboraci\u00f3n para realizar tr\u00e1mites gratuitos en beneficio de adultos mayores, personas con discapacidad, poblaci\u00f3n ind\u00edgena, personas de escasos recursos, con problemas de salud, embarazadas y migrantes.<\/p>\n\n\n\n<p>Adem\u00e1s, se han implementado 34 acciones de innovaci\u00f3n para mejorar procedimientos y tr\u00e1mites, y pr\u00f3ximamente se firmar\u00e1 el convenio federal de simplificaci\u00f3n, el cual eliminar\u00e1 requisitos de imposible cumplimiento, el cual beneficiar\u00e1 a cientos de tlaxcaltecas.<\/p>\n\n\n\n<p>A nombre de los 24 beneficiarios, Luc\u00eda Gertrudis Romero Crist\u00f3bal, originaria de Ixtenco, agradeci\u00f3 el apoyo gratuito del gobierno estatal, ya que gracias a este programa ahora cuenta con su acta de nacimiento.<\/p>\n\n\n\n<p>El convenio fue signado por el secretario de Gobierno, Luis Antonio Ram\u00edrez Hern\u00e1ndez; la presidenta honor\u00edfica del Comit\u00e9 Consultivo de Bienestar, Fernanda Espinosa de los Monteros Cu\u00e9llar; el coordinador del Registro Civil, V\u00edctor Hugo Mena Hern\u00e1ndez; el oficial mayor de Gobierno, Ramiro Vivanco Chedraui, y la secretaria de Bienestar, Mar\u00eda Estela \u00c1lvarez Corona.<\/p>\n","protected":false},"excerpt":{"rendered":"<p>*Junto con la presidenta honor\u00edfica del Comit\u00e9 Consultivo de Bienestar, Fernanda Espinosa de los Monteros Cu\u00e9llar, la mandataria atestigu\u00f3 la firma del convenio para la gratuidad de los tr\u00e1mites Inherentes a las Actas de Nacimiento de Personas con Discapacidad La gobernadora Lorena Cu\u00e9llar Cisneros y la presidenta honor\u00edfica del Comit\u00e9 Consultivo de Bienestar y Desarrollo [&hellip;]<\/p>\n","protected":false},"author":4,"featured_media":96928,"comment_status":"open","ping_status":"open","sticky":false,"template":"","format":"standard","meta":{"om_disable_all_campaigns":false,"_monsterinsights_skip_tracking":false,"_monsterinsights_sitenote_active":false,"_monsterinsights_sitenote_note":"","_monsterinsights_sitenote_category":0,"jnews-multi-image_gallery":[],"jnews_single_post":{"format":"standard"},"jnews_primary_category":[],"footnotes":""},"categories":[1],"tags":[],"class_list":["post-96927","post","type-post","status-publish","format-standard","has-post-thumbnail","hentry","category-uncategorized"],"aioseo_notices":[],"_links":{"self":[{"href":"https:\/\/estado29.mx\/index.php?rest_route=\/wp\/v2\/posts\/96927","targetHints":{"allow":["GET"]}}],"collection":[{"href":"https:\/\/estado29.mx\/index.php?rest_route=\/wp\/v2\/posts"}],"about":[{"href":"https:\/\/estado29.mx\/index.php?rest_route=\/wp\/v2\/types\/post"}],"author":[{"embeddable":true,"href":"https:\/\/estado29.mx\/index.php?rest_route=\/wp\/v2\/users\/4"}],"replies":[{"embeddable":true,"href":"https:\/\/estado29.mx\/index.php?rest_route=%2Fwp%2Fv2%2Fcomments&post=96927"}],"version-history":[{"count":1,"href":"https:\/\/estado29.mx\/index.php?rest_route=\/wp\/v2\/posts\/96927\/revisions"}],"predecessor-version":[{"id":96929,"href":"https:\/\/estado29.mx\/index.php?rest_route=\/wp\/v2\/posts\/96927\/revisions\/96929"}],"wp:featuredmedia":[{"embeddable":true,"href":"https:\/\/estado29.mx\/index.php?rest_route=\/wp\/v2\/media\/96928"}],"wp:attachment":[{"href":"https:\/\/estado29.mx\/index.php?rest_route=%2Fwp%2Fv2%2Fmedia&parent=96927"}],"wp:term":[{"taxonomy":"category","embeddable":true,"href":"https:\/\/estado29.mx\/index.php?rest_route=%2Fwp%2Fv2%2Fcategories&post=96927"},{"taxonomy":"post_tag","embeddable":true,"href":"https:\/\/estado29.mx\/index.php?rest_route=%2Fwp%2Fv2%2Ftags&post=96927"}],"curies":[{"name":"wp","href":"https:\/\/api.w.org\/{rel}","templated":true}]}}