{"id":96956,"date":"2025-06-26T23:23:41","date_gmt":"2025-06-26T23:23:41","guid":{"rendered":"https:\/\/estado29.mx\/?p=96956"},"modified":"2025-06-26T23:23:41","modified_gmt":"2025-06-26T23:23:41","slug":"fortalece-alcalde-de-tlaxcala-alfonso-sanchez-garcia-lazos-entre-escuela-comunidad-y-gobierno","status":"publish","type":"post","link":"https:\/\/estado29.mx\/?p=96956","title":{"rendered":"FORTALECE ALCALDE DE TLAXCALA ALFONSO S\u00c1NCHEZ GARC\u00cdA LAZOS ENTRE ESCUELA, COMUNIDAD Y GOBIERNO"},"content":{"rendered":"<figure class=\"wp-block-post-featured-image\"><img loading=\"lazy\" decoding=\"async\" width=\"1280\" height=\"853\" src=\"https:\/\/estado29.mx\/wp-content\/uploads\/2025\/06\/WhatsApp-Image-2025-06-24-at-3.45.19-PM.jpeg\" class=\"attachment-post-thumbnail size-post-thumbnail wp-post-image\" alt=\"\" style=\"object-fit:cover;\" srcset=\"https:\/\/estado29.mx\/wp-content\/uploads\/2025\/06\/WhatsApp-Image-2025-06-24-at-3.45.19-PM.jpeg 1280w, https:\/\/estado29.mx\/wp-content\/uploads\/2025\/06\/WhatsApp-Image-2025-06-24-at-3.45.19-PM-300x200.jpeg 300w, https:\/\/estado29.mx\/wp-content\/uploads\/2025\/06\/WhatsApp-Image-2025-06-24-at-3.45.19-PM-1024x682.jpeg 1024w, https:\/\/estado29.mx\/wp-content\/uploads\/2025\/06\/WhatsApp-Image-2025-06-24-at-3.45.19-PM-768x512.jpeg 768w, https:\/\/estado29.mx\/wp-content\/uploads\/2025\/06\/WhatsApp-Image-2025-06-24-at-3.45.19-PM-750x500.jpeg 750w, https:\/\/estado29.mx\/wp-content\/uploads\/2025\/06\/WhatsApp-Image-2025-06-24-at-3.45.19-PM-1140x760.jpeg 1140w\" sizes=\"auto, (max-width: 1280px) 100vw, 1280px\" \/><\/figure>\n\n\n<p>\u00b7 Toma protesta al nuevo Consejo Municipal de Participaci\u00f3n Escolar<\/p>\n\n\n\n<p>En una acci\u00f3n enfocada a fortalecer los v\u00ednculos entre gobierno y comunidad educativa, el presidente municipal de Tlaxcala, Alfonso S\u00e1nchez Garc\u00eda, encabez\u00f3 este martes la instalaci\u00f3n del Consejo Municipal de Participaci\u00f3n Escolar, \u00f3rgano que permitir\u00e1 coordinar esfuerzos entre autoridades, docentes, madres, padres de familia y organizaciones civiles en favor del desarrollo educativo en la capital.<\/p>\n\n\n\n<p>Durante el evento oficial, que se llev\u00f3 a cabo en Sala de Cabildo II, S\u00e1nchez Garc\u00eda destac\u00f3 que esta conformaci\u00f3n del Consejo, da cumplimiento al art\u00edculo 133 de la Ley General de Educaci\u00f3n, que faculta a los ayuntamientos para promover la participaci\u00f3n social en las escuelas.<\/p>\n\n\n\n<p>\u201cEl Consejo representa un paso fundamental para consolidar una educaci\u00f3n m\u00e1s digna y equitativa en nuestro municipio. Estoy convencido de que la unidad entre sociedad y gobierno dar\u00e1 frutos para garantizar los derechos y el bienestar de nuestras ni\u00f1as, ni\u00f1os y adolescentes\u201d, sostuvo el alcalde al tomar protesta a los integrantes del nuevo organismo.<\/p>\n\n\n\n<p>El edil record\u00f3 que, aunque esta instalaci\u00f3n formal apenas se realiza, el Ayuntamiento ya ha venido trabajando de forma coordinada con diversas instituciones educativa y, como parte de estas acciones, mencion\u00f3 el programa Sendero Seguro, jornadas de mantenimiento en planteles, as\u00ed como talleres de prevenci\u00f3n de adicciones y embarazos en adolescentes, los cuales se imparten al menos tres veces por semana en diferentes escuelas.<\/p>\n\n\n\n<p>En su intervenci\u00f3n, Emmanuel V\u00e1zquez Nava, director de Bienestar del municipio, y Mar\u00eda del Coral Cuatepotzo, coordinadora de Educaci\u00f3n, coincidieron en que este consejo constituye el mecanismo ideal para dar seguimiento a la pol\u00edtica educativa local, con sesiones semestrales o extraordinarias, seg\u00fan se requiera.<\/p>\n\n\n\n<p>Finalmente, en representaci\u00f3n de la comunidad educativa, la Escuela Primaria \u201cXicoht\u00e9ncatl Axayacatzin\u201d hizo un reconocimiento al alcalde Alfonso S\u00e1nchez Garc\u00eda, por su contribuci\u00f3n a la educaci\u00f3n en la capital.<\/p>\n","protected":false},"excerpt":{"rendered":"<p>\u00b7 Toma protesta al nuevo Consejo Municipal de Participaci\u00f3n Escolar En una acci\u00f3n enfocada a fortalecer los v\u00ednculos entre gobierno y comunidad educativa, el presidente municipal de Tlaxcala, Alfonso S\u00e1nchez Garc\u00eda, encabez\u00f3 este martes la instalaci\u00f3n del Consejo Municipal de Participaci\u00f3n Escolar, \u00f3rgano que permitir\u00e1 coordinar esfuerzos entre autoridades, docentes, madres, padres de familia y [&hellip;]<\/p>\n","protected":false},"author":4,"featured_media":96957,"comment_status":"open","ping_status":"open","sticky":false,"template":"","format":"standard","meta":{"om_disable_all_campaigns":false,"_monsterinsights_skip_tracking":false,"_monsterinsights_sitenote_active":false,"_monsterinsights_sitenote_note":"","_monsterinsights_sitenote_category":0,"jnews-multi-image_gallery":[],"jnews_single_post":{"format":"standard"},"jnews_primary_category":[],"footnotes":""},"categories":[1],"tags":[],"class_list":["post-96956","post","type-post","status-publish","format-standard","has-post-thumbnail","hentry","category-uncategorized"],"aioseo_notices":[],"_links":{"self":[{"href":"https:\/\/estado29.mx\/index.php?rest_route=\/wp\/v2\/posts\/96956","targetHints":{"allow":["GET"]}}],"collection":[{"href":"https:\/\/estado29.mx\/index.php?rest_route=\/wp\/v2\/posts"}],"about":[{"href":"https:\/\/estado29.mx\/index.php?rest_route=\/wp\/v2\/types\/post"}],"author":[{"embeddable":true,"href":"https:\/\/estado29.mx\/index.php?rest_route=\/wp\/v2\/users\/4"}],"replies":[{"embeddable":true,"href":"https:\/\/estado29.mx\/index.php?rest_route=%2Fwp%2Fv2%2Fcomments&post=96956"}],"version-history":[{"count":1,"href":"https:\/\/estado29.mx\/index.php?rest_route=\/wp\/v2\/posts\/96956\/revisions"}],"predecessor-version":[{"id":96958,"href":"https:\/\/estado29.mx\/index.php?rest_route=\/wp\/v2\/posts\/96956\/revisions\/96958"}],"wp:featuredmedia":[{"embeddable":true,"href":"https:\/\/estado29.mx\/index.php?rest_route=\/wp\/v2\/media\/96957"}],"wp:attachment":[{"href":"https:\/\/estado29.mx\/index.php?rest_route=%2Fwp%2Fv2%2Fmedia&parent=96956"}],"wp:term":[{"taxonomy":"category","embeddable":true,"href":"https:\/\/estado29.mx\/index.php?rest_route=%2Fwp%2Fv2%2Fcategories&post=96956"},{"taxonomy":"post_tag","embeddable":true,"href":"https:\/\/estado29.mx\/index.php?rest_route=%2Fwp%2Fv2%2Ftags&post=96956"}],"curies":[{"name":"wp","href":"https:\/\/api.w.org\/{rel}","templated":true}]}}