{"id":96965,"date":"2025-06-26T23:28:25","date_gmt":"2025-06-26T23:28:25","guid":{"rendered":"https:\/\/estado29.mx\/?p=96965"},"modified":"2025-06-26T23:28:25","modified_gmt":"2025-06-26T23:28:25","slug":"homenaje-postumo-al-oficial-antolin-ramos-zamora-caido-en-cumplimiento-de-su-deber","status":"publish","type":"post","link":"https:\/\/estado29.mx\/?p=96965","title":{"rendered":"Homenaje p\u00f3stumo al oficial Antol\u00edn Ramos Zamora, ca\u00eddo en cumplimiento de su deber"},"content":{"rendered":"<figure class=\"wp-block-post-featured-image\"><img loading=\"lazy\" decoding=\"async\" width=\"1280\" height=\"853\" src=\"https:\/\/estado29.mx\/wp-content\/uploads\/2025\/06\/WhatsApp-Image-2025-06-25-at-4.53.33-PM.jpeg\" class=\"attachment-post-thumbnail size-post-thumbnail wp-post-image\" alt=\"\" style=\"object-fit:cover;\" srcset=\"https:\/\/estado29.mx\/wp-content\/uploads\/2025\/06\/WhatsApp-Image-2025-06-25-at-4.53.33-PM.jpeg 1280w, https:\/\/estado29.mx\/wp-content\/uploads\/2025\/06\/WhatsApp-Image-2025-06-25-at-4.53.33-PM-300x200.jpeg 300w, https:\/\/estado29.mx\/wp-content\/uploads\/2025\/06\/WhatsApp-Image-2025-06-25-at-4.53.33-PM-1024x682.jpeg 1024w, https:\/\/estado29.mx\/wp-content\/uploads\/2025\/06\/WhatsApp-Image-2025-06-25-at-4.53.33-PM-768x512.jpeg 768w, https:\/\/estado29.mx\/wp-content\/uploads\/2025\/06\/WhatsApp-Image-2025-06-25-at-4.53.33-PM-750x500.jpeg 750w, https:\/\/estado29.mx\/wp-content\/uploads\/2025\/06\/WhatsApp-Image-2025-06-25-at-4.53.33-PM-1140x760.jpeg 1140w\" sizes=\"auto, (max-width: 1280px) 100vw, 1280px\" \/><\/figure>\n\n\n<p>Huamantla, Tlax., 25 de junio de 2025.\u2013 En un acto de respeto, gratitud y profundo reconocimiento, el Gobierno Municipal de Huamantla que encabeza el presidente Salvador Santos Cedillo, llevar\u00e1 a cabo este jueves 26 de junio un homenaje p\u00f3stumo al oficial Antol\u00edn Ramos Zamora, quien lamentablemente perdi\u00f3 la vida en el cumplimiento de su deber.<\/p>\n\n\n\n<p>La ceremonia se realizar\u00e1 en las instalaciones de la Direcci\u00f3n de Seguridad P\u00fablica, Tr\u00e1nsito y Protecci\u00f3n Civil, donde se rendir\u00e1 honores a quien se dedic\u00f3 al servicio y protecci\u00f3n de las y los huamantlecos.<\/p>\n\n\n\n<p>Desde el primer momento, el Gobierno Municipal ha brindado atenci\u00f3n cercana y solidaria tanto al oficial como a su familia, cubriendo los gastos necesarios y acompa\u00f1\u00e1ndolos en este dif\u00edcil proceso, como un acto de justicia y corresponsabilidad ante la entrega ejemplar de un servidor p\u00fablico que siempre cumpli\u00f3 con compromiso, valor y vocaci\u00f3n.<\/p>\n\n\n\n<p>El presidente Salvador Santos Cedillo expres\u00f3 su solidaridad con la familia del oficial Ramos Zamora, reiterando que su legado permanecer\u00e1 como un ejemplo de servicio en favor de la paz y el bienestar de Huamantla.<\/p>\n","protected":false},"excerpt":{"rendered":"<p>Huamantla, Tlax., 25 de junio de 2025.\u2013 En un acto de respeto, gratitud y profundo reconocimiento, el Gobierno Municipal de Huamantla que encabeza el presidente Salvador Santos Cedillo, llevar\u00e1 a cabo este jueves 26 de junio un homenaje p\u00f3stumo al oficial Antol\u00edn Ramos Zamora, quien lamentablemente perdi\u00f3 la vida en el cumplimiento de su deber. [&hellip;]<\/p>\n","protected":false},"author":9,"featured_media":96966,"comment_status":"open","ping_status":"open","sticky":false,"template":"","format":"standard","meta":{"om_disable_all_campaigns":false,"_monsterinsights_skip_tracking":false,"_monsterinsights_sitenote_active":false,"_monsterinsights_sitenote_note":"","_monsterinsights_sitenote_category":0,"jnews-multi-image_gallery":[],"jnews_single_post":{"format":"standard"},"jnews_primary_category":[],"footnotes":""},"categories":[1],"tags":[],"class_list":["post-96965","post","type-post","status-publish","format-standard","has-post-thumbnail","hentry","category-uncategorized"],"aioseo_notices":[],"_links":{"self":[{"href":"https:\/\/estado29.mx\/index.php?rest_route=\/wp\/v2\/posts\/96965","targetHints":{"allow":["GET"]}}],"collection":[{"href":"https:\/\/estado29.mx\/index.php?rest_route=\/wp\/v2\/posts"}],"about":[{"href":"https:\/\/estado29.mx\/index.php?rest_route=\/wp\/v2\/types\/post"}],"author":[{"embeddable":true,"href":"https:\/\/estado29.mx\/index.php?rest_route=\/wp\/v2\/users\/9"}],"replies":[{"embeddable":true,"href":"https:\/\/estado29.mx\/index.php?rest_route=%2Fwp%2Fv2%2Fcomments&post=96965"}],"version-history":[{"count":1,"href":"https:\/\/estado29.mx\/index.php?rest_route=\/wp\/v2\/posts\/96965\/revisions"}],"predecessor-version":[{"id":96967,"href":"https:\/\/estado29.mx\/index.php?rest_route=\/wp\/v2\/posts\/96965\/revisions\/96967"}],"wp:featuredmedia":[{"embeddable":true,"href":"https:\/\/estado29.mx\/index.php?rest_route=\/wp\/v2\/media\/96966"}],"wp:attachment":[{"href":"https:\/\/estado29.mx\/index.php?rest_route=%2Fwp%2Fv2%2Fmedia&parent=96965"}],"wp:term":[{"taxonomy":"category","embeddable":true,"href":"https:\/\/estado29.mx\/index.php?rest_route=%2Fwp%2Fv2%2Fcategories&post=96965"},{"taxonomy":"post_tag","embeddable":true,"href":"https:\/\/estado29.mx\/index.php?rest_route=%2Fwp%2Fv2%2Ftags&post=96965"}],"curies":[{"name":"wp","href":"https:\/\/api.w.org\/{rel}","templated":true}]}}