{"id":96968,"date":"2025-06-26T23:29:15","date_gmt":"2025-06-26T23:29:15","guid":{"rendered":"https:\/\/estado29.mx\/?p=96968"},"modified":"2025-06-26T23:29:16","modified_gmt":"2025-06-26T23:29:16","slug":"huamantla-sede-de-la-primera-caravana-para-mujeres-en-la-propiedad-social-impulsada-por-la-sedatu","status":"publish","type":"post","link":"https:\/\/estado29.mx\/?p=96968","title":{"rendered":"Huamantla, sede de la primera Caravana para Mujeres en la Propiedad Social impulsada por la SEDATU"},"content":{"rendered":"<figure class=\"wp-block-post-featured-image\"><img loading=\"lazy\" decoding=\"async\" width=\"2560\" height=\"1707\" src=\"https:\/\/estado29.mx\/wp-content\/uploads\/2025\/06\/WhatsApp-Image-2025-06-25-at-5.46.32-PM-scaled.jpeg\" class=\"attachment-post-thumbnail size-post-thumbnail wp-post-image\" alt=\"\" style=\"object-fit:cover;\" srcset=\"https:\/\/estado29.mx\/wp-content\/uploads\/2025\/06\/WhatsApp-Image-2025-06-25-at-5.46.32-PM-scaled.jpeg 2560w, https:\/\/estado29.mx\/wp-content\/uploads\/2025\/06\/WhatsApp-Image-2025-06-25-at-5.46.32-PM-300x200.jpeg 300w, https:\/\/estado29.mx\/wp-content\/uploads\/2025\/06\/WhatsApp-Image-2025-06-25-at-5.46.32-PM-1024x683.jpeg 1024w, https:\/\/estado29.mx\/wp-content\/uploads\/2025\/06\/WhatsApp-Image-2025-06-25-at-5.46.32-PM-768x512.jpeg 768w, https:\/\/estado29.mx\/wp-content\/uploads\/2025\/06\/WhatsApp-Image-2025-06-25-at-5.46.32-PM-1536x1024.jpeg 1536w, https:\/\/estado29.mx\/wp-content\/uploads\/2025\/06\/WhatsApp-Image-2025-06-25-at-5.46.32-PM-2048x1366.jpeg 2048w, https:\/\/estado29.mx\/wp-content\/uploads\/2025\/06\/WhatsApp-Image-2025-06-25-at-5.46.32-PM-750x500.jpeg 750w, https:\/\/estado29.mx\/wp-content\/uploads\/2025\/06\/WhatsApp-Image-2025-06-25-at-5.46.32-PM-1140x760.jpeg 1140w\" sizes=\"auto, (max-width: 2560px) 100vw, 2560px\" \/><\/figure>\n\n\n<p>El presidente municipal de Huamantla, Salvador Santos Cedillo, agradeci\u00f3 y reconoci\u00f3 el compromiso de la Secretar\u00eda de Desarrollo Agrario, Territorial y Urbano (SEDATU), por elegir a este municipio como sede de la primera Caravana para Mujeres en la Propiedad Social, una iniciativa que tiene como objetivo empoderar y dar certeza jur\u00eddica a las mujeres que viven y trabajan en n\u00facleos agrarios.<\/p>\n\n\n\n<p>Esta acci\u00f3n forma parte de la estrategia nacional impulsada por la Presidenta de la Rep\u00fablica, Claudia Sheinbaum Pardo, quien ha fijado como meta el reconocimiento de los derechos agrarios de 150 mil mujeres en todo el pa\u00eds, con el fin de cerrar las brechas hist\u00f3ricas de desigualdad en la propiedad social.<\/p>\n\n\n\n<p>La jornada tuvo lugar en la Casa Ejidal de Benito Ju\u00e1rez, donde se ofrecieron servicios como:<br>\u2022 Entrega de certificados parcelarios.<br>\u2022 Levantamiento de listas de sucesi\u00f3n.<br>\u2022 Asesor\u00edas especializadas en materia agraria.<br>\u2022 Talleres sobre derechos de las mujeres.<br>\u2022 Informaci\u00f3n y tr\u00e1mites sobre tenencia de la tierra.<\/p>\n\n\n\n<p>Adem\u00e1s, el Gobierno Municipal de Huamantla se sum\u00f3 con la instalaci\u00f3n de m\u00f3dulos de atenci\u00f3n y servicios para las asistentes, reafirmando su compromiso con el bienestar de las mujeres y el desarrollo del campo huamantleco.<\/p>\n\n\n\n<p>\u201cEs un honor que Huamantla sea parte de este esfuerzo transformador. Mi reconocimiento a todas las mujeres que participaron en esta caravana y a la SEDATU por llevar justicia y derechos a quienes hist\u00f3ricamente han sido invisibilizadas en la propiedad social\u201d, expres\u00f3 el edil Chava Santos.<\/p>\n\n\n\n<p>Este tipo de acciones fortalecen la justicia agraria y promueven la igualdad sustantiva, haciendo de Huamantla un referente en el trabajo coordinado entre los tres \u00f3rdenes de gobierno en beneficio de las mujeres del campo.<\/p>\n","protected":false},"excerpt":{"rendered":"<p>El presidente municipal de Huamantla, Salvador Santos Cedillo, agradeci\u00f3 y reconoci\u00f3 el compromiso de la Secretar\u00eda de Desarrollo Agrario, Territorial y Urbano (SEDATU), por elegir a este municipio como sede de la primera Caravana para Mujeres en la Propiedad Social, una iniciativa que tiene como objetivo empoderar y dar certeza jur\u00eddica a las mujeres que [&hellip;]<\/p>\n","protected":false},"author":9,"featured_media":96969,"comment_status":"open","ping_status":"open","sticky":false,"template":"","format":"standard","meta":{"om_disable_all_campaigns":false,"_monsterinsights_skip_tracking":false,"_monsterinsights_sitenote_active":false,"_monsterinsights_sitenote_note":"","_monsterinsights_sitenote_category":0,"jnews-multi-image_gallery":[],"jnews_single_post":{"format":"standard"},"jnews_primary_category":[],"footnotes":""},"categories":[1],"tags":[],"class_list":["post-96968","post","type-post","status-publish","format-standard","has-post-thumbnail","hentry","category-uncategorized"],"aioseo_notices":[],"_links":{"self":[{"href":"https:\/\/estado29.mx\/index.php?rest_route=\/wp\/v2\/posts\/96968","targetHints":{"allow":["GET"]}}],"collection":[{"href":"https:\/\/estado29.mx\/index.php?rest_route=\/wp\/v2\/posts"}],"about":[{"href":"https:\/\/estado29.mx\/index.php?rest_route=\/wp\/v2\/types\/post"}],"author":[{"embeddable":true,"href":"https:\/\/estado29.mx\/index.php?rest_route=\/wp\/v2\/users\/9"}],"replies":[{"embeddable":true,"href":"https:\/\/estado29.mx\/index.php?rest_route=%2Fwp%2Fv2%2Fcomments&post=96968"}],"version-history":[{"count":1,"href":"https:\/\/estado29.mx\/index.php?rest_route=\/wp\/v2\/posts\/96968\/revisions"}],"predecessor-version":[{"id":96970,"href":"https:\/\/estado29.mx\/index.php?rest_route=\/wp\/v2\/posts\/96968\/revisions\/96970"}],"wp:featuredmedia":[{"embeddable":true,"href":"https:\/\/estado29.mx\/index.php?rest_route=\/wp\/v2\/media\/96969"}],"wp:attachment":[{"href":"https:\/\/estado29.mx\/index.php?rest_route=%2Fwp%2Fv2%2Fmedia&parent=96968"}],"wp:term":[{"taxonomy":"category","embeddable":true,"href":"https:\/\/estado29.mx\/index.php?rest_route=%2Fwp%2Fv2%2Fcategories&post=96968"},{"taxonomy":"post_tag","embeddable":true,"href":"https:\/\/estado29.mx\/index.php?rest_route=%2Fwp%2Fv2%2Ftags&post=96968"}],"curies":[{"name":"wp","href":"https:\/\/api.w.org\/{rel}","templated":true}]}}