{"id":96971,"date":"2025-06-26T23:30:07","date_gmt":"2025-06-26T23:30:07","guid":{"rendered":"https:\/\/estado29.mx\/?p=96971"},"modified":"2025-06-26T23:30:07","modified_gmt":"2025-06-26T23:30:07","slug":"huamantla-rinde-homenaje-postumo-a-elemento-de-seguridad-publica-su-legado-permanece-en-la-memoria-colectiva-del-municipio","status":"publish","type":"post","link":"https:\/\/estado29.mx\/?p=96971","title":{"rendered":"Huamantla rinde homenaje p\u00f3stumo a elemento de Seguridad P\u00fablica; su legado permanece en la memoria colectiva del municipio"},"content":{"rendered":"<figure class=\"wp-block-post-featured-image\"><img loading=\"lazy\" decoding=\"async\" width=\"2560\" height=\"1707\" src=\"https:\/\/estado29.mx\/wp-content\/uploads\/2025\/06\/WhatsApp-Image-2025-06-26-at-12.35.47-PM-scaled.jpeg\" class=\"attachment-post-thumbnail size-post-thumbnail wp-post-image\" alt=\"\" style=\"object-fit:cover;\" srcset=\"https:\/\/estado29.mx\/wp-content\/uploads\/2025\/06\/WhatsApp-Image-2025-06-26-at-12.35.47-PM-scaled.jpeg 2560w, https:\/\/estado29.mx\/wp-content\/uploads\/2025\/06\/WhatsApp-Image-2025-06-26-at-12.35.47-PM-300x200.jpeg 300w, https:\/\/estado29.mx\/wp-content\/uploads\/2025\/06\/WhatsApp-Image-2025-06-26-at-12.35.47-PM-1024x683.jpeg 1024w, https:\/\/estado29.mx\/wp-content\/uploads\/2025\/06\/WhatsApp-Image-2025-06-26-at-12.35.47-PM-768x512.jpeg 768w, https:\/\/estado29.mx\/wp-content\/uploads\/2025\/06\/WhatsApp-Image-2025-06-26-at-12.35.47-PM-1536x1024.jpeg 1536w, https:\/\/estado29.mx\/wp-content\/uploads\/2025\/06\/WhatsApp-Image-2025-06-26-at-12.35.47-PM-2048x1366.jpeg 2048w, https:\/\/estado29.mx\/wp-content\/uploads\/2025\/06\/WhatsApp-Image-2025-06-26-at-12.35.47-PM-750x500.jpeg 750w, https:\/\/estado29.mx\/wp-content\/uploads\/2025\/06\/WhatsApp-Image-2025-06-26-at-12.35.47-PM-1140x760.jpeg 1140w\" sizes=\"auto, (max-width: 2560px) 100vw, 2560px\" \/><\/figure>\n\n\n<p>Huamantla, Tlax., a [fecha].\u2013 El presidente municipal de Huamantla, Salvador Santos Cedillo, acudi\u00f3 este d\u00eda al homenaje p\u00f3stumo en honor a un oficial de la Direcci\u00f3n de Seguridad P\u00fablica, Tr\u00e1nsito y Protecci\u00f3n Civil, quien en vida sirvi\u00f3 con valent\u00eda, compromiso y profundo sentido de responsabilidad a las y los huamantlecos.<\/p>\n\n\n\n<p>Acompa\u00f1ado por integrantes del Cabildo, directores del Ayuntamiento, elementos de la corporaci\u00f3n, as\u00ed como familiares y amigos del oficial, el edil presenci\u00f3 el pase de lista simb\u00f3lico en memoria del compa\u00f1ero ca\u00eddo. Como parte del acto protocolario, y al ritmo solemne de la Banda de Guerra, se mont\u00f3 una guardia de honor como muestra de respeto y gratitud por su entrega al servicio p\u00fablico.<\/p>\n\n\n\n<p>En su mensaje, el presidente Salvador Santos Cedillo expres\u00f3 con firmeza y sensibilidad:<\/p>\n\n\n\n<p>\u201cSu legado no termina hoy. Al contrario, comienza a formar parte de la historia viva de Huamantla. Porque mientras haya hombres y mujeres como \u00e9l, que deciden levantarse cada d\u00eda y portar el uniforme con dignidad, su memoria seguir\u00e1 presente.\u201d<\/p>\n\n\n\n<p>Este acto representa no s\u00f3lo una despedida, sino un compromiso renovado con quienes d\u00eda a d\u00eda velan por la seguridad y el bienestar de la ciudadan\u00eda. El gobierno municipal reconoce el valor, la entrega y la vocaci\u00f3n de servicio de cada uno de sus elementos.<\/p>\n","protected":false},"excerpt":{"rendered":"<p>Huamantla, Tlax., a [fecha].\u2013 El presidente municipal de Huamantla, Salvador Santos Cedillo, acudi\u00f3 este d\u00eda al homenaje p\u00f3stumo en honor a un oficial de la Direcci\u00f3n de Seguridad P\u00fablica, Tr\u00e1nsito y Protecci\u00f3n Civil, quien en vida sirvi\u00f3 con valent\u00eda, compromiso y profundo sentido de responsabilidad a las y los huamantlecos. Acompa\u00f1ado por integrantes del Cabildo, [&hellip;]<\/p>\n","protected":false},"author":9,"featured_media":96972,"comment_status":"open","ping_status":"open","sticky":false,"template":"","format":"standard","meta":{"om_disable_all_campaigns":false,"_monsterinsights_skip_tracking":false,"_monsterinsights_sitenote_active":false,"_monsterinsights_sitenote_note":"","_monsterinsights_sitenote_category":0,"jnews-multi-image_gallery":[],"jnews_single_post":{"format":"standard"},"jnews_primary_category":[],"footnotes":""},"categories":[1],"tags":[],"class_list":["post-96971","post","type-post","status-publish","format-standard","has-post-thumbnail","hentry","category-uncategorized"],"aioseo_notices":[],"_links":{"self":[{"href":"https:\/\/estado29.mx\/index.php?rest_route=\/wp\/v2\/posts\/96971","targetHints":{"allow":["GET"]}}],"collection":[{"href":"https:\/\/estado29.mx\/index.php?rest_route=\/wp\/v2\/posts"}],"about":[{"href":"https:\/\/estado29.mx\/index.php?rest_route=\/wp\/v2\/types\/post"}],"author":[{"embeddable":true,"href":"https:\/\/estado29.mx\/index.php?rest_route=\/wp\/v2\/users\/9"}],"replies":[{"embeddable":true,"href":"https:\/\/estado29.mx\/index.php?rest_route=%2Fwp%2Fv2%2Fcomments&post=96971"}],"version-history":[{"count":1,"href":"https:\/\/estado29.mx\/index.php?rest_route=\/wp\/v2\/posts\/96971\/revisions"}],"predecessor-version":[{"id":96973,"href":"https:\/\/estado29.mx\/index.php?rest_route=\/wp\/v2\/posts\/96971\/revisions\/96973"}],"wp:featuredmedia":[{"embeddable":true,"href":"https:\/\/estado29.mx\/index.php?rest_route=\/wp\/v2\/media\/96972"}],"wp:attachment":[{"href":"https:\/\/estado29.mx\/index.php?rest_route=%2Fwp%2Fv2%2Fmedia&parent=96971"}],"wp:term":[{"taxonomy":"category","embeddable":true,"href":"https:\/\/estado29.mx\/index.php?rest_route=%2Fwp%2Fv2%2Fcategories&post=96971"},{"taxonomy":"post_tag","embeddable":true,"href":"https:\/\/estado29.mx\/index.php?rest_route=%2Fwp%2Fv2%2Ftags&post=96971"}],"curies":[{"name":"wp","href":"https:\/\/api.w.org\/{rel}","templated":true}]}}