{"id":96974,"date":"2025-06-26T23:32:18","date_gmt":"2025-06-26T23:32:18","guid":{"rendered":"https:\/\/estado29.mx\/?p=96974"},"modified":"2025-06-26T23:32:18","modified_gmt":"2025-06-26T23:32:18","slug":"cijurep-uatx-impulsa-metodos-innovadores-para-abordar-problematicas-juridicas-con-impacto-social","status":"publish","type":"post","link":"https:\/\/estado29.mx\/?p=96974","title":{"rendered":"CIJUREP-UATx impulsa m\u00e9todos innovadores para abordar problem\u00e1ticas jur\u00eddicas con impacto social"},"content":{"rendered":"<figure class=\"wp-block-post-featured-image\"><img loading=\"lazy\" decoding=\"async\" width=\"1280\" height=\"853\" src=\"https:\/\/estado29.mx\/wp-content\/uploads\/2025\/06\/26-CIJUREP-UATx-impulsa-metodos-innovadores-para-abordar-problematicas-juridicas-con-impacto-social-1.jpeg\" class=\"attachment-post-thumbnail size-post-thumbnail wp-post-image\" alt=\"\" style=\"object-fit:cover;\" srcset=\"https:\/\/estado29.mx\/wp-content\/uploads\/2025\/06\/26-CIJUREP-UATx-impulsa-metodos-innovadores-para-abordar-problematicas-juridicas-con-impacto-social-1.jpeg 1280w, https:\/\/estado29.mx\/wp-content\/uploads\/2025\/06\/26-CIJUREP-UATx-impulsa-metodos-innovadores-para-abordar-problematicas-juridicas-con-impacto-social-1-300x200.jpeg 300w, https:\/\/estado29.mx\/wp-content\/uploads\/2025\/06\/26-CIJUREP-UATx-impulsa-metodos-innovadores-para-abordar-problematicas-juridicas-con-impacto-social-1-1024x682.jpeg 1024w, https:\/\/estado29.mx\/wp-content\/uploads\/2025\/06\/26-CIJUREP-UATx-impulsa-metodos-innovadores-para-abordar-problematicas-juridicas-con-impacto-social-1-768x512.jpeg 768w, https:\/\/estado29.mx\/wp-content\/uploads\/2025\/06\/26-CIJUREP-UATx-impulsa-metodos-innovadores-para-abordar-problematicas-juridicas-con-impacto-social-1-750x500.jpeg 750w, https:\/\/estado29.mx\/wp-content\/uploads\/2025\/06\/26-CIJUREP-UATx-impulsa-metodos-innovadores-para-abordar-problematicas-juridicas-con-impacto-social-1-1140x760.jpeg 1140w\" sizes=\"auto, (max-width: 1280px) 100vw, 1280px\" \/><\/figure>\n\n\n<p>\u00fc Inaugur\u00f3 Rector trabajos del \ud835\udc15\ud835\udc1e\ud835\udc2b\ud835\udc1a\ud835\udc27\ud835\udc28 \ud835\udc1d\ud835\udc1e \ud835\udc08\ud835\udc27\ud835\udc2f\ud835\udc1e\ud835\udc2c\ud835\udc2d\ud835\udc22\ud835\udc20\ud835\udc1a\ud835\udc1c\ud835\udc22\ud835\udc28\u0301\ud835\udc27, en colaboraci\u00f3n con la Universidad Panamericana<\/p>\n\n\n\n<p>Con los objetivos de generar la discusi\u00f3n y reflexi\u00f3n de problem\u00e1ticas jur\u00eddicas m\u00e1s apremiantes de M\u00e9xico, fortalecer las investigaciones, despertar el inter\u00e9s por las vocaciones cient\u00edficas entre estudiantes y contribuir al futuro del Derecho en el pa\u00eds, el Doctor Seraf\u00edn Ortiz Ortiz, Rector de la Universidad Aut\u00f3noma de Tlaxcala (UATx), puso en marcha los trabajos de la segunda edici\u00f3n del \ud835\udc15\ud835\udc1e\ud835\udc2b\ud835\udc1a\ud835\udc27\ud835\udc28 \ud835\udc1d\ud835\udc1e \ud835\udc08\ud835\udc27\ud835\udc2f\ud835\udc1e\ud835\udc2c\ud835\udc2d\ud835\udc22\ud835\udc20\ud835\udc1a\ud835\udc1c\ud835\udc22\ud835\udc28\u0301\ud835\udc27, que organiza el Centro de Investigaciones Jur\u00eddico-Pol\u00edticas (CIJUREP-UATx) en colaboraci\u00f3n con la Universidad Panamericana.<\/p>\n\n\n\n<p>En su intervenci\u00f3n, el Doctor Ortiz precis\u00f3 que la investigaci\u00f3n en el \u00e1mbito jur\u00eddico se proyecta de forma insistente desde los trabajos hermen\u00e9uticos, como m\u00e9todo para generar valoraciones jur\u00eddicas y justificaciones normativas que superan la concepci\u00f3n tradicional del Derecho y permiten su profundizaci\u00f3n mediante la teor\u00eda anal\u00edtica.<\/p>\n\n\n\n<p>Adem\u00e1s, el Rector subray\u00f3 que a trav\u00e9s de estos foros se impulsan m\u00e9todos para indagar lo no escrito y generar conceptos e ideas con impacto en la sociedad, siendo uno de los prop\u00f3sitos del \ud835\udc15\ud835\udc1e\ud835\udc2b\ud835\udc1a\ud835\udc27\ud835\udc28 \ud835\udc1d\ud835\udc1e \ud835\udc08\ud835\udc27\ud835\udc2f\ud835\udc1e\ud835\udc2c\ud835\udc2d\ud835\udc22\ud835\udc20\ud835\udc1a\ud835\udc1c\ud835\udc22\ud835\udc28\u0301\ud835\udc27.<\/p>\n\n\n\n<p>Por su parte, la Doctora Clara Luz \u00c1lvarez Gonz\u00e1lez de Castilla, Profesora-Investigadora de la Universidad Panamericana, puntualiz\u00f3 que este espacio representa una excelente oportunidad para el intercambio de conocimientos y experiencias, al propiciar el di\u00e1logo en torno al Derecho y a temas actuales como la inteligencia artificial.<\/p>\n\n\n\n<p>Como parte del programa inaugural que tuvo lugar en el Auditorio Interactivo \u201cManuel de Lardiz\u00e1bal y Uribe\u201d, se presentaron las conferencias \ud835\udc12\ud835\udc1a\ud835\udc2d\ud835\udc1e\u0301\ud835\udc25\ud835\udc22\ud835\udc2d\ud835\udc1e\ud835\udc2c, \ud835\udc1e\ud835\udc2c\ud835\udc29\ud835\udc1a\ud835\udc1c\ud835\udc22\ud835\udc28 \ud835\udc1e\ud835\udc31\ud835\udc2d\ud835\udc1e\ud835\udc2b\ud835\udc22\ud835\udc28\ud835\udc2b \ud835\udc32 \ud835\udc20\ud835\udc1e\ud835\udc28\ud835\udc29\ud835\udc28\ud835\udc25\ud835\udc22\u0301\ud835\udc2d\ud835\udc22\ud835\udc1c\ud835\udc1a, impartida por la Doctora Clara Luz \u00c1lvarez, y \ud835\udc04\ud835\udc2c\ud835\udc2d\ud835\udc1a\ud835\udc1d\ud835\udc22\u0301\ud835\udc2c\ud835\udc2d\ud835\udc22\ud835\udc1c\ud835\udc1a\ud835\udc2c \ud835\udc29\ud835\udc1a\ud835\udc2b\ud835\udc1a \ud835\udc1e\ud835\udc25 \ud835\udc03\ud835\udc1e\ud835\udc2b\ud835\udc1e\ud835\udc1c\ud835\udc21\ud835\udc28 \ud835\udc32 \ud835\udc25\ud835\udc1a \ud835\udc0f\ud835\udc28\ud835\udc25\ud835\udc22\u0301\ud835\udc2d\ud835\udc22\ud835\udc1c\ud835\udc1a \ud835\udc0f\ud835\udc2e\u0301\ud835\udc1b\ud835\udc25\ud835\udc22\ud835\udc1c\ud835\udc1a a cargo del Maestro Adri\u00e1n Franco, Vicepresidente del INEGI.<\/p>\n\n\n\n<p>El \ud835\udc15\ud835\udc1e\ud835\udc2b\ud835\udc1a\ud835\udc27\ud835\udc28 \ud835\udc1d\ud835\udc1e \ud835\udc08\ud835\udc27\ud835\udc2f\ud835\udc1e\ud835\udc2c\ud835\udc2d\ud835\udc22\ud835\udc20\ud835\udc1a\ud835\udc1c\ud835\udc22\ud835\udc28\u0301\ud835\udc27 se desarrolla del 24 al 28 de junio en el Auditorio Interactivo de la Facultad de Derecho, Ciencias Pol\u00edticas y Criminolog\u00eda de la UATx, y cuenta con la participaci\u00f3n de estudiantes<\/p>\n\n\n\n<p>de licenciatura y posgrado, y de docentes de las unidades acad\u00e9micas multidisciplinarias de Calpulalpan, Teacalco y San Pablo del Monte, sedes en las que tambi\u00e9n se alternar\u00e1n las actividades del \ud835\udc15\ud835\udc1e\ud835\udc2b\ud835\udc1a\ud835\udc27\ud835\udc28 \ud835\udc1d\ud835\udc1e \ud835\udc08\ud835\udc27\ud835\udc2f\ud835\udc1e\ud835\udc2c\ud835\udc2d\ud835\udc22\ud835\udc20\ud835\udc1a\ud835\udc1c\ud835\udc22\ud835\udc28\u0301\ud835\udc27.<\/p>\n","protected":false},"excerpt":{"rendered":"<p>\u00fc Inaugur\u00f3 Rector trabajos del \ud835\udc15\ud835\udc1e\ud835\udc2b\ud835\udc1a\ud835\udc27\ud835\udc28 \ud835\udc1d\ud835\udc1e \ud835\udc08\ud835\udc27\ud835\udc2f\ud835\udc1e\ud835\udc2c\ud835\udc2d\ud835\udc22\ud835\udc20\ud835\udc1a\ud835\udc1c\ud835\udc22\ud835\udc28\u0301\ud835\udc27, en colaboraci\u00f3n con la Universidad Panamericana Con los objetivos de generar la discusi\u00f3n y reflexi\u00f3n de problem\u00e1ticas jur\u00eddicas m\u00e1s apremiantes de M\u00e9xico, fortalecer las investigaciones, despertar el inter\u00e9s por las vocaciones cient\u00edficas entre estudiantes y contribuir al futuro del Derecho en el pa\u00eds, el Doctor Seraf\u00edn Ortiz [&hellip;]<\/p>\n","protected":false},"author":9,"featured_media":96975,"comment_status":"open","ping_status":"open","sticky":false,"template":"","format":"standard","meta":{"om_disable_all_campaigns":false,"_monsterinsights_skip_tracking":false,"_monsterinsights_sitenote_active":false,"_monsterinsights_sitenote_note":"","_monsterinsights_sitenote_category":0,"jnews-multi-image_gallery":[],"jnews_single_post":{"format":"standard"},"jnews_primary_category":[],"footnotes":""},"categories":[1],"tags":[],"class_list":["post-96974","post","type-post","status-publish","format-standard","has-post-thumbnail","hentry","category-uncategorized"],"aioseo_notices":[],"_links":{"self":[{"href":"https:\/\/estado29.mx\/index.php?rest_route=\/wp\/v2\/posts\/96974","targetHints":{"allow":["GET"]}}],"collection":[{"href":"https:\/\/estado29.mx\/index.php?rest_route=\/wp\/v2\/posts"}],"about":[{"href":"https:\/\/estado29.mx\/index.php?rest_route=\/wp\/v2\/types\/post"}],"author":[{"embeddable":true,"href":"https:\/\/estado29.mx\/index.php?rest_route=\/wp\/v2\/users\/9"}],"replies":[{"embeddable":true,"href":"https:\/\/estado29.mx\/index.php?rest_route=%2Fwp%2Fv2%2Fcomments&post=96974"}],"version-history":[{"count":1,"href":"https:\/\/estado29.mx\/index.php?rest_route=\/wp\/v2\/posts\/96974\/revisions"}],"predecessor-version":[{"id":96976,"href":"https:\/\/estado29.mx\/index.php?rest_route=\/wp\/v2\/posts\/96974\/revisions\/96976"}],"wp:featuredmedia":[{"embeddable":true,"href":"https:\/\/estado29.mx\/index.php?rest_route=\/wp\/v2\/media\/96975"}],"wp:attachment":[{"href":"https:\/\/estado29.mx\/index.php?rest_route=%2Fwp%2Fv2%2Fmedia&parent=96974"}],"wp:term":[{"taxonomy":"category","embeddable":true,"href":"https:\/\/estado29.mx\/index.php?rest_route=%2Fwp%2Fv2%2Fcategories&post=96974"},{"taxonomy":"post_tag","embeddable":true,"href":"https:\/\/estado29.mx\/index.php?rest_route=%2Fwp%2Fv2%2Ftags&post=96974"}],"curies":[{"name":"wp","href":"https:\/\/api.w.org\/{rel}","templated":true}]}}